{
    "id": 18639,
    "date": "2023-04-19T14:21:33",
    "date_gmt": "2023-04-19T12:21:33",
    "guid": {
        "rendered": "https:\/\/grain-africa.org\/?post_type=mec-events&amp;p=18639"
    },
    "modified": "2023-04-19T14:21:33",
    "modified_gmt": "2023-04-19T12:21:33",
    "slug": "webinaire-sur-une-pratique-de-la-recherche-sensible-au-genre-dans-le-developpement-et-le-deploiement-dune-ia-responsable-en-afrique",
    "status": "publish",
    "type": "mec-events",
    "link": "https:\/\/grain-africa.org\/fr\/events\/webinaire-sur-une-pratique-de-la-recherche-sensible-au-genre-dans-le-developpement-et-le-deploiement-dune-ia-responsable-en-afrique\/",
    "title": {
        "rendered": "Webinaire sur une pratique de la recherche sensible au genre dans le d\u00e9veloppement et le d\u00e9ploiement d\u2019une IA responsable en Afrique"
    },
    "content": {
        "rendered": "<p>Le Think Tank IPAR organise , lundi 24 avril 2023 , \u00e0 13:00 GMT un webinaire sur le th\u00e8me \u00ab\u00a0<em>Une pratique de la recherche sensible au genre dans le d\u00e9veloppement et le d\u00e9ploiement d\u2019une IA responsable en Afrique\u00a0<\/em>\u00bb<\/p>\n<p>En effet, IPAR donne la priorit\u00e9 \u00e0 la r\u00e9flexion et \u00e0 la recherche sur la technologie, en particulier l\u2019Intelligence Artificielle, pour l\u2019autonomisation des femmes dans son cadre th\u00e9matique. La promotion de l\u2019\u00e9galit\u00e9 des sexes et de l\u2019inclusion en Afrique subsaharienne par le biais de l\u2019intelligence artificielle est un domaine cl\u00e9 pour l\u2019organisation et plusieurs initiatives, notamment GRAIN (Gender and Responsible Artificial Intelligence Network) ou R\u00e9seau pour le genre et l\u2019IA responsable.<\/p>\n<p>Le webinaire \u00e0 venir s\u2019aligne parfaitement avec les objectifs du projet, visant \u00e0 faire progresser l\u2019inclusion, l\u2019\u00e9galit\u00e9 et l\u2019autonomisation des femmes en Afrique subsaharienne gr\u00e2ce \u00e0 un d\u00e9veloppement et \u00e0 un d\u00e9ploiement responsables et localis\u00e9s des innovations en mati\u00e8re d\u2019IA.<\/p>\n<p>L\u2019objectif principal du webinaire est de r\u00e9fl\u00e9chir aux d\u00e9fis pos\u00e9s par les obstacles structurels et syst\u00e9matiques \u00e0 la promotion de l\u2019\u00e9galit\u00e9 des sexes et de l\u2019inclusion dans le secteur de l\u2019IA en Afrique subsaharienne.<\/p>\n<p>La rencontre virtuelle r\u00e9unira des sp\u00e9cialistes de l\u2019IA et du genre, et se concentrera sur les pratiques et technologies innovantes qui comblent le foss\u00e9 entre l\u2019IA et le genre. Il soulignera l\u2019importance d\u2019utiliser le potentiel de l\u2019IA pour faire progresser l\u2019\u00e9galit\u00e9 des sexes et r\u00e9duire les disparit\u00e9s entre les sexes dans le secteur num\u00e9rique.<\/p>\n<p>La discussion sera accueillie sur la via la plateforme Kudo et se fera en anglais avec une interpr\u00e9tation en fran\u00e7ais.<\/p>\n<p>Sous la mod\u00e9ration de Ernest Mwebaze, Directeur ex\u00e9cutif de Sunbird AI, Ouganda , le panel r\u00e9unira les intervenants suivants\u00a0: Nokuthula Olorunju, Research ICT Africa, Afrique du Sud ; Dr Adekemi Omutubora, ma\u00eetresse de conf\u00e9rences \u00e0 l\u2019universit\u00e9 de Lagos, Nigeria\u00a0; Adedeji Adeniran, Directeur de la recherche, CSEA Nigeria ; Caitlin Kraft-Bruchmann \u2013 PDG et fondatrice de Women at the Table.<\/p>",
        "protected": false
    },
    "excerpt": {
        "rendered": "<p>Le Think Tank IPAR organise , lundi 24 avril 2023 , \u00e0 13:00 GMT un webinaire sur le th\u00e8me \u00ab\u00a0Une pratique de la recherche sensible au genre dans le d\u00e9veloppement et le d\u00e9ploiement d\u2019une IA responsable en Afrique\u00a0\u00bb En effet, IPAR donne la priorit\u00e9 \u00e0 la r\u00e9flexion et \u00e0 la recherche sur la technologie, en &#8230; <a title=\"Webinaire sur une pratique de la recherche sensible au genre dans le d\u00e9veloppement et le d\u00e9ploiement d\u2019une IA responsable en Afrique\" class=\"read-more\" href=\"https:\/\/grain-africa.org\/fr\/events\/webinaire-sur-une-pratique-de-la-recherche-sensible-au-genre-dans-le-developpement-et-le-deploiement-dune-ia-responsable-en-afrique\/\" aria-label=\"Read more about Webinaire sur une pratique de la recherche sensible au genre dans le d\u00e9veloppement et le d\u00e9ploiement d\u2019une IA responsable en Afrique\">Read more<\/a><\/p>",
        "protected": false
    },
    "author": 1,
    "featured_media": 18633,
    "comment_status": "open",
    "ping_status": "closed",
    "template": "",
    "tags": [],
    "mec_category": [
        50
    ],
    "class_list": [
        "post-18639",
        "mec-events",
        "type-mec-events",
        "status-publish",
        "has-post-thumbnail",
        "hentry",
        "mec_category-webinaire"
    ],
    "yoast_head": "<!-- This site is optimized with the Yoast SEO plugin v22.9 - https:\/\/yoast.com\/wordpress\/plugins\/seo\/ -->\n<title>Webinaire sur une pratique de la recherche sensible au genre dans le d\u00e9veloppement et le d\u00e9ploiement d\u2019une IA responsable en Afrique - GRAIN<\/title>\n<meta name=\"robots\" content=\"index, follow, max-snippet:-1, max-image-preview:large, max-video-preview:-1\" \/>\n<link rel=\"canonical\" href=\"https:\/\/grain-africa.org\/fr\/events\/webinar-on-gender-sensitive-research-practice-in-the-development-and-deployment-of-responsible-ia-in-africa-2\/\" \/>\n<meta property=\"og:locale\" content=\"fr_FR\" \/>\n<meta property=\"og:type\" content=\"article\" \/>\n<meta property=\"og:title\" content=\"Webinaire sur une pratique de la recherche sensible au genre dans le d\u00e9veloppement et le d\u00e9ploiement d\u2019une IA responsable en Afrique - GRAIN\" \/>\n<meta property=\"og:description\" content=\"Le Think Tank IPAR organise , lundi 24 avril 2023 , \u00e0 13:00 GMT un webinaire sur le th\u00e8me \u00ab\u00a0Une pratique de la recherche sensible au genre dans le d\u00e9veloppement et le d\u00e9ploiement d\u2019une IA responsable en Afrique\u00a0\u00bb En effet, IPAR donne la priorit\u00e9 \u00e0 la r\u00e9flexion et \u00e0 la recherche sur la technologie, en ... Read more\" \/>\n<meta property=\"og:url\" content=\"https:\/\/grain-africa.org\/fr\/events\/webinar-on-gender-sensitive-research-practice-in-the-development-and-deployment-of-responsible-ia-in-africa-2\/\" \/>\n<meta property=\"og:site_name\" content=\"GRAIN\" \/>\n<meta property=\"og:image\" content=\"https:\/\/grain-africa.org\/wp-content\/uploads\/2023\/04\/VISUELLE-FRANCAIS-1.png\" \/>\n\t<meta property=\"og:image:width\" content=\"1584\" \/>\n\t<meta property=\"og:image:height\" content=\"900\" \/>\n\t<meta property=\"og:image:type\" content=\"image\/png\" \/>\n<meta name=\"twitter:card\" content=\"summary_large_image\" \/>\n<meta name=\"twitter:label1\" content=\"Dur\u00e9e de lecture estim\u00e9e\" \/>\n\t<meta name=\"twitter:data1\" content=\"2 minutes\" \/>\n<script type=\"application\/ld+json\" class=\"yoast-schema-graph\">{\"@context\":\"https:\/\/schema.org\",\"@graph\":[{\"@type\":\"WebPage\",\"@id\":\"https:\/\/grain-africa.org\/events\/webinar-on-gender-sensitive-research-practice-in-the-development-and-deployment-of-responsible-ia-in-africa-2\/\",\"url\":\"https:\/\/grain-africa.org\/events\/webinar-on-gender-sensitive-research-practice-in-the-development-and-deployment-of-responsible-ia-in-africa-2\/\",\"name\":\"Webinaire sur une pratique de la recherche sensible au genre dans le d\u00e9veloppement et le d\u00e9ploiement d\u2019une IA responsable en Afrique - GRAIN\",\"isPartOf\":{\"@id\":\"https:\/\/grain-africa.org\/en\/#website\"},\"primaryImageOfPage\":{\"@id\":\"https:\/\/grain-africa.org\/events\/webinar-on-gender-sensitive-research-practice-in-the-development-and-deployment-of-responsible-ia-in-africa-2\/#primaryimage\"},\"image\":{\"@id\":\"https:\/\/grain-africa.org\/events\/webinar-on-gender-sensitive-research-practice-in-the-development-and-deployment-of-responsible-ia-in-africa-2\/#primaryimage\"},\"thumbnailUrl\":\"https:\/\/grain-africa.org\/wp-content\/uploads\/2023\/04\/VISUELLE-FRANCAIS-1.png\",\"datePublished\":\"2023-04-19T12:21:33+00:00\",\"dateModified\":\"2023-04-19T12:21:33+00:00\",\"breadcrumb\":{\"@id\":\"https:\/\/grain-africa.org\/events\/webinar-on-gender-sensitive-research-practice-in-the-development-and-deployment-of-responsible-ia-in-africa-2\/#breadcrumb\"},\"inLanguage\":\"fr-FR\",\"potentialAction\":[{\"@type\":\"ReadAction\",\"target\":[\"https:\/\/grain-africa.org\/events\/webinar-on-gender-sensitive-research-practice-in-the-development-and-deployment-of-responsible-ia-in-africa-2\/\"]}]},{\"@type\":\"ImageObject\",\"inLanguage\":\"fr-FR\",\"@id\":\"https:\/\/grain-africa.org\/events\/webinar-on-gender-sensitive-research-practice-in-the-development-and-deployment-of-responsible-ia-in-africa-2\/#primaryimage\",\"url\":\"https:\/\/grain-africa.org\/wp-content\/uploads\/2023\/04\/VISUELLE-FRANCAIS-1.png\",\"contentUrl\":\"https:\/\/grain-africa.org\/wp-content\/uploads\/2023\/04\/VISUELLE-FRANCAIS-1.png\",\"width\":1584,\"height\":900},{\"@type\":\"BreadcrumbList\",\"@id\":\"https:\/\/grain-africa.org\/events\/webinar-on-gender-sensitive-research-practice-in-the-development-and-deployment-of-responsible-ia-in-africa-2\/#breadcrumb\",\"itemListElement\":[{\"@type\":\"ListItem\",\"position\":1,\"name\":\"Accueil\",\"item\":\"https:\/\/grain-africa.org\/en\/\"},{\"@type\":\"ListItem\",\"position\":2,\"name\":\"Events\",\"item\":\"https:\/\/grain-africa.org\/en\/events\/\"},{\"@type\":\"ListItem\",\"position\":3,\"name\":\"Webinaire sur une pratique de la recherche sensible au genre dans le d\u00e9veloppement et le d\u00e9ploiement d\u2019une IA responsable en Afrique\"}]},{\"@type\":\"WebSite\",\"@id\":\"https:\/\/grain-africa.org\/en\/#website\",\"url\":\"https:\/\/grain-africa.org\/en\/\",\"name\":\"GRAIN\",\"description\":\"\",\"publisher\":{\"@id\":\"https:\/\/grain-africa.org\/en\/#organization\"},\"potentialAction\":[{\"@type\":\"SearchAction\",\"target\":{\"@type\":\"EntryPoint\",\"urlTemplate\":\"https:\/\/grain-africa.org\/en\/?s={search_term_string}\"},\"query-input\":\"required name=search_term_string\"}],\"inLanguage\":\"fr-FR\"},{\"@type\":\"Organization\",\"@id\":\"https:\/\/grain-africa.org\/en\/#organization\",\"name\":\"GRAIN\",\"url\":\"https:\/\/grain-africa.org\/en\/\",\"logo\":{\"@type\":\"ImageObject\",\"inLanguage\":\"fr-FR\",\"@id\":\"https:\/\/grain-africa.org\/en\/#\/schema\/logo\/image\/\",\"url\":\"https:\/\/grain-africa.org\/wp-content\/uploads\/2020\/03\/GRAIN_newlogo_273_-removebg-preview-1.png\",\"contentUrl\":\"https:\/\/grain-africa.org\/wp-content\/uploads\/2020\/03\/GRAIN_newlogo_273_-removebg-preview-1.png\",\"width\":829,\"height\":297,\"caption\":\"GRAIN\"},\"image\":{\"@id\":\"https:\/\/grain-africa.org\/en\/#\/schema\/logo\/image\/\"}}]}<\/script>\n<!-- \/ Yoast SEO plugin. -->",
    "yoast_head_json": {
        "title": "Webinaire sur une pratique de la recherche sensible au genre dans le d\u00e9veloppement et le d\u00e9ploiement d\u2019une IA responsable en Afrique - GRAIN",
        "robots": {
            "index": "index",
            "follow": "follow",
            "max-snippet": "max-snippet:-1",
            "max-image-preview": "max-image-preview:large",
            "max-video-preview": "max-video-preview:-1"
        },
        "canonical": "https:\/\/grain-africa.org\/fr\/events\/webinar-on-gender-sensitive-research-practice-in-the-development-and-deployment-of-responsible-ia-in-africa-2\/",
        "og_locale": "fr_FR",
        "og_type": "article",
        "og_title": "Webinaire sur une pratique de la recherche sensible au genre dans le d\u00e9veloppement et le d\u00e9ploiement d\u2019une IA responsable en Afrique - GRAIN",
        "og_description": "Le Think Tank IPAR organise , lundi 24 avril 2023 , \u00e0 13:00 GMT un webinaire sur le th\u00e8me \u00ab\u00a0Une pratique de la recherche sensible au genre dans le d\u00e9veloppement et le d\u00e9ploiement d\u2019une IA responsable en Afrique\u00a0\u00bb En effet, IPAR donne la priorit\u00e9 \u00e0 la r\u00e9flexion et \u00e0 la recherche sur la technologie, en ... Read more",
        "og_url": "https:\/\/grain-africa.org\/fr\/events\/webinar-on-gender-sensitive-research-practice-in-the-development-and-deployment-of-responsible-ia-in-africa-2\/",
        "og_site_name": "GRAIN",
        "og_image": [
            {
                "width": 1584,
                "height": 900,
                "url": "https:\/\/grain-africa.org\/wp-content\/uploads\/2023\/04\/VISUELLE-FRANCAIS-1.png",
                "type": "image\/png"
            }
        ],
        "twitter_card": "summary_large_image",
        "twitter_misc": {
            "Dur\u00e9e de lecture estim\u00e9e": "2 minutes"
        },
        "schema": {
            "@context": "https:\/\/schema.org",
            "@graph": [
                {
                    "@type": "WebPage",
                    "@id": "https:\/\/grain-africa.org\/events\/webinar-on-gender-sensitive-research-practice-in-the-development-and-deployment-of-responsible-ia-in-africa-2\/",
                    "url": "https:\/\/grain-africa.org\/events\/webinar-on-gender-sensitive-research-practice-in-the-development-and-deployment-of-responsible-ia-in-africa-2\/",
                    "name": "Webinaire sur une pratique de la recherche sensible au genre dans le d\u00e9veloppement et le d\u00e9ploiement d\u2019une IA responsable en Afrique - GRAIN",
                    "isPartOf": {
                        "@id": "https:\/\/grain-africa.org\/en\/#website"
                    },
                    "primaryImageOfPage": {
                        "@id": "https:\/\/grain-africa.org\/events\/webinar-on-gender-sensitive-research-practice-in-the-development-and-deployment-of-responsible-ia-in-africa-2\/#primaryimage"
                    },
                    "image": {
                        "@id": "https:\/\/grain-africa.org\/events\/webinar-on-gender-sensitive-research-practice-in-the-development-and-deployment-of-responsible-ia-in-africa-2\/#primaryimage"
                    },
                    "thumbnailUrl": "https:\/\/grain-africa.org\/wp-content\/uploads\/2023\/04\/VISUELLE-FRANCAIS-1.png",
                    "datePublished": "2023-04-19T12:21:33+00:00",
                    "dateModified": "2023-04-19T12:21:33+00:00",
                    "breadcrumb": {
                        "@id": "https:\/\/grain-africa.org\/events\/webinar-on-gender-sensitive-research-practice-in-the-development-and-deployment-of-responsible-ia-in-africa-2\/#breadcrumb"
                    },
                    "inLanguage": "fr-FR",
                    "potentialAction": [
                        {
                            "@type": "ReadAction",
                            "target": [
                                "https:\/\/grain-africa.org\/events\/webinar-on-gender-sensitive-research-practice-in-the-development-and-deployment-of-responsible-ia-in-africa-2\/"
                            ]
                        }
                    ]
                },
                {
                    "@type": "ImageObject",
                    "inLanguage": "fr-FR",
                    "@id": "https:\/\/grain-africa.org\/events\/webinar-on-gender-sensitive-research-practice-in-the-development-and-deployment-of-responsible-ia-in-africa-2\/#primaryimage",
                    "url": "https:\/\/grain-africa.org\/wp-content\/uploads\/2023\/04\/VISUELLE-FRANCAIS-1.png",
                    "contentUrl": "https:\/\/grain-africa.org\/wp-content\/uploads\/2023\/04\/VISUELLE-FRANCAIS-1.png",
                    "width": 1584,
                    "height": 900
                },
                {
                    "@type": "BreadcrumbList",
                    "@id": "https:\/\/grain-africa.org\/events\/webinar-on-gender-sensitive-research-practice-in-the-development-and-deployment-of-responsible-ia-in-africa-2\/#breadcrumb",
                    "itemListElement": [
                        {
                            "@type": "ListItem",
                            "position": 1,
                            "name": "Accueil",
                            "item": "https:\/\/grain-africa.org\/en\/"
                        },
                        {
                            "@type": "ListItem",
                            "position": 2,
                            "name": "Events",
                            "item": "https:\/\/grain-africa.org\/en\/events\/"
                        },
                        {
                            "@type": "ListItem",
                            "position": 3,
                            "name": "Webinaire sur une pratique de la recherche sensible au genre dans le d\u00e9veloppement et le d\u00e9ploiement d\u2019une IA responsable en Afrique"
                        }
                    ]
                },
                {
                    "@type": "WebSite",
                    "@id": "https:\/\/grain-africa.org\/en\/#website",
                    "url": "https:\/\/grain-africa.org\/en\/",
                    "name": "GRAIN",
                    "description": "",
                    "publisher": {
                        "@id": "https:\/\/grain-africa.org\/en\/#organization"
                    },
                    "potentialAction": [
                        {
                            "@type": "SearchAction",
                            "target": {
                                "@type": "EntryPoint",
                                "urlTemplate": "https:\/\/grain-africa.org\/en\/?s={search_term_string}"
                            },
                            "query-input": "required name=search_term_string"
                        }
                    ],
                    "inLanguage": "fr-FR"
                },
                {
                    "@type": "Organization",
                    "@id": "https:\/\/grain-africa.org\/en\/#organization",
                    "name": "GRAIN",
                    "url": "https:\/\/grain-africa.org\/en\/",
                    "logo": {
                        "@type": "ImageObject",
                        "inLanguage": "fr-FR",
                        "@id": "https:\/\/grain-africa.org\/en\/#\/schema\/logo\/image\/",
                        "url": "https:\/\/grain-africa.org\/wp-content\/uploads\/2020\/03\/GRAIN_newlogo_273_-removebg-preview-1.png",
                        "contentUrl": "https:\/\/grain-africa.org\/wp-content\/uploads\/2020\/03\/GRAIN_newlogo_273_-removebg-preview-1.png",
                        "width": 829,
                        "height": 297,
                        "caption": "GRAIN"
                    },
                    "image": {
                        "@id": "https:\/\/grain-africa.org\/en\/#\/schema\/logo\/image\/"
                    }
                }
            ]
        }
    },
    "_links": {
        "self": [
            {
                "href": "https:\/\/grain-africa.org\/fr\/wp-json\/wp\/v2\/mec-events\/18639",
                "targetHints": {
                    "allow": [
                        "GET"
                    ]
                }
            }
        ],
        "collection": [
            {
                "href": "https:\/\/grain-africa.org\/fr\/wp-json\/wp\/v2\/mec-events"
            }
        ],
        "about": [
            {
                "href": "https:\/\/grain-africa.org\/fr\/wp-json\/wp\/v2\/types\/mec-events"
            }
        ],
        "author": [
            {
                "embeddable": true,
                "href": "https:\/\/grain-africa.org\/fr\/wp-json\/wp\/v2\/users\/1"
            }
        ],
        "replies": [
            {
                "embeddable": true,
                "href": "https:\/\/grain-africa.org\/fr\/wp-json\/wp\/v2\/comments?post=18639"
            }
        ],
        "wp:featuredmedia": [
            {
                "embeddable": true,
                "href": "https:\/\/grain-africa.org\/fr\/wp-json\/wp\/v2\/media\/18633"
            }
        ],
        "wp:attachment": [
            {
                "href": "https:\/\/grain-africa.org\/fr\/wp-json\/wp\/v2\/media?parent=18639"
            }
        ],
        "wp:term": [
            {
                "taxonomy": "post_tag",
                "embeddable": true,
                "href": "https:\/\/grain-africa.org\/fr\/wp-json\/wp\/v2\/tags?post=18639"
            },
            {
                "taxonomy": "mec_category",
                "embeddable": true,
                "href": "https:\/\/grain-africa.org\/fr\/wp-json\/wp\/v2\/mec_category?post=18639"
            }
        ],
        "curies": [
            {
                "name": "wp",
                "href": "https:\/\/api.w.org\/{rel}",
                "templated": true
            }
        ]
    }
}