{"id":21583,"date":"2026-08-10T13:40:38","date_gmt":"2026-08-10T11:40:38","guid":{"rendered":"https:\/\/grain-africa.org\/?p=21583"},"modified":"2026-08-10T13:40:39","modified_gmt":"2026-08-10T11:40:39","slug":"artificial-intelligence-in-west-africa-grain-presents-the-findings-of-a-comparative-study-aimed-at-promoting-more-inclusive-and-accountable-governance-of-ai","status":"publish","type":"post","link":"https:\/\/grain-africa.org\/en\/intelligence-artificielle-en-afrique-de-louest-grain-presente-les-resultats-dune-etude-comparative-pour-une-gouvernance-plus-inclusive-et-responsable-de-lia\/","title":{"rendered":"Artificial Intelligence in West Africa: GRAIN presents the findings of a comparative study aimed at more inclusive and accountable governance of AI"},"content":{"rendered":"<p class=\"wp-block-paragraph\"><\/p>\n\n\n\n<p class=\"wp-block-paragraph\">Artificial intelligence (AI) is emerging as a driving force for transformation in economies and societies, but West Africa faces a major challenge: establishing a governance framework capable of reconciling innovation, ethics, inclusion and sovereignty. It is around this strategic issue that the <strong>Gender and Responsible AI Network (GRAIN)<\/strong> brought together researchers, public policy-makers, experts, innovators and partners for a webinar dedicated to presenting its comparative report on the political, legal and institutional frameworks for AI in the <strong>Senegal, Benin, C\u00f4te d\u2019Ivoire and Burkina Faso<\/strong>.<\/p>\n\n\n\n<p class=\"wp-block-paragraph\">As well as presenting the findings, this meeting provided an opportunity to launch an in-depth debate on the conditions required to make artificial intelligence a genuine driver of sustainable development, social justice and economic transformation in West Africa.<\/p>\n\n\n\n<h2 class=\"wp-block-heading\"><strong>AI is not just about technology<\/strong><\/h2>\n\n\n\n<p class=\"wp-block-paragraph\">Opening the proceedings, Jean-Claude Bidogeza, Director of Research at IPAR, pointed out that artificial intelligence is now a key driver of economic and social transformation. He emphasised, however, that its development must be underpinned by sound public policies, appropriate legal frameworks and governance capable of ensuring ethics, transparency and inclusion.<\/p>\n\n\n\n<p class=\"wp-block-paragraph\">He emphasised that the challenges associated with AI go far beyond the technology itself and also concern issues of governance, trust, digital sovereignty and social justice. In his view, dialogue between researchers, policymakers, the private sector and civil society is essential to developing artificial intelligence that genuinely serves sustainable development in Africa.<\/p>\n\n\n\n<p class=\"wp-block-paragraph\"><strong>GRAIN: a network driving forward AI centred on GEDI principles<\/strong><\/p>\n\n\n\n<p class=\"wp-block-paragraph\">Dr Marame Ciss\u00e9, a gender expert and thematic coordinator at IPAR, reviewed the network\u2019s achievements since its launch in 2022. She noted that the project, led by a consortium comprising IPAR (Senegal), Sunbird AI (Uganda) and CSEA (Nigeria), with support from IDRC and FCDO, aims to promote responsible, inclusive and gender-sensitive artificial intelligence in sub-Saharan Africa. She also outlined the three main priorities for the project\u2019s second phase: the co-development and roll-out of a GEDI (Gender, Equity, Diversity and Inclusion) framework, the analysis of public policies relating to AI, and the support of innovations in the sectors of agriculture, education and African languages.<\/p>\n\n\n\n<h2 class=\"wp-block-heading\"><strong>Four countries, four different paths, but similar challenges<\/strong><\/h2>\n\n\n\n<p class=\"wp-block-paragraph\">Presented by <strong>Fatou Fofana<\/strong>, a lawyer specialising in intellectual property, the comparative analysis highlights the progress made in the four countries whilst revealing the many challenges that remain to be addressed in order to strengthen AI governance in West Africa.<\/p>\n\n\n\n<p class=\"wp-block-paragraph\"><strong>The analysis highlights differences in maturity levels between the four countries.<\/strong><\/p>\n\n\n\n<p class=\"wp-block-paragraph\">Benin stood out as the first of the four countries to adopt a national artificial intelligence strategy in 2023, followed by Senegal with its 2024\u20132028 strategy. C\u00f4te d\u2019Ivoire, which adopted its AI strategy for 2030, appears to be the most advanced country in terms of integrating the principles of inclusion, ethics and data governance.<\/p>\n\n\n\n<p class=\"wp-block-paragraph\">Burkina Faso, for its part, does not yet have a national strategy specifically dedicated to artificial intelligence. Nevertheless, the report highlights that it has a particularly interesting legal framework. Its law on the protection of personal data is the only one, amongst the four countries studied, to make explicit reference to processing based on artificial intelligence. The country also has a set of digital and cybersecurity policies which provide a solid foundation for the development of a future national AI strategy.<\/p>\n\n\n\n<p class=\"wp-block-paragraph\">The study also shows that the four countries already have relatively well-developed frameworks for personal data protection and cybersecurity. However, none of them has yet introduced specific legislation governing artificial intelligence, nor has any established mandatory mechanisms for algorithmic transparency, auditing or redress in the event of discrimination caused by AI systems.<\/p>\n\n\n\n<p class=\"wp-block-paragraph\"><strong>A mini-panel to put the results into perspective<\/strong><\/p>\n\n\n\n<p class=\"wp-block-paragraph\">To put these findings into context, a mini-panel, moderated by Marame Ciss\u00e9, brought together Cheikh Faye, Head of Data at IPAR, Mamadou Mbodj, Senior Data Scientist at the World Data Lab, and Laetitia Badolo, Director of Advocacy and Impact at Niyel.<\/p>\n\n\n\n<p class=\"wp-block-paragraph\">Mamadou Mbodj emphasised the importance of data governance, arguing that the main challenge lies not so much in the availability of data as in its accessibility, interoperability and sharing between institutions. In his view, strengthening Africa\u2019s digital sovereignty depends above all on better governance of public data.<\/p>\n\n\n\n<p class=\"wp-block-paragraph\">.For his part, Cheikh Faye emphasised the importance of better aligning future AI governance frameworks with the ethical mechanisms already in place in certain sectors, particularly healthcare. Cheikh Faye also discussed the assessment of the level of development and applications of artificial intelligence in strategic sectors, carried out in the four countries concerned. He emphasised that the results obtained are broadly consistent with those presented in the report.<\/p>\n\n\n\n<p class=\"wp-block-paragraph\">He emphasised the need to put in place appropriate regulatory frameworks to address the challenges posed by emerging technologies, particularly in terms of transparency, accountability and the protection of personal data, but also with regard to data sharing, as artificial intelligence relies fundamentally on the availability and quality of data for its development.<\/p>\n\n\n\n<p class=\"wp-block-paragraph\">For his part, <strong>Laetitia Badolo<\/strong>, Director of Advocacy and Impact at Niyel, presented the regional guidelines developed as part of the project. These guidelines offer practical guidance on how to embed the principles of inclusion, transparency, equity and accountability right from the design stage of artificial intelligence systems. In particular, they call for greater representation of women in decision-making bodies, improved data quality and the creation of a common regional framework for evaluating AI systems. They also emphasise the need to involve parliamentarians, citizens and all stakeholders in accountability mechanisms, in order to ensure democratic oversight of artificial intelligence technologies that influence life choices.<\/p>\n\n\n\n<p class=\"wp-block-paragraph\"><strong>Recommendations for strengthening AI governance<\/strong><\/p>\n\n\n\n<p class=\"wp-block-paragraph\">Following this comparative analysis, the report sets out several recommendations designed to support West African countries in the development of responsible artificial intelligence:<\/p>\n\n\n\n<ul class=\"wp-block-list\">\n<li>Revise national AI strategies to explicitly incorporate the principles of Gender, Equity, Diversity and Inclusion (GEDI), with measurable targets and monitoring mechanisms.<\/li>\n\n\n\n<li>To develop a participatory national strategy in Burkina Faso, incorporating GEDI principles from the outset.<\/li>\n\n\n\n<li>Establish or strengthen national authorities and coordination mechanisms dedicated to the governance of artificial intelligence.<\/li>\n\n\n\n<li>Enact specific legislation on AI, particularly with regard to algorithmic transparency, the accountability of stakeholders, risk management and protection against discrimination.<\/li>\n\n\n\n<li>Strengthen national ethical frameworks to ensure the responsible development and use of artificial intelligence.<\/li>\n\n\n\n<li>Improve data governance in order to reduce algorithmic bias and ensure a fairer use of data.<\/li>\n\n\n\n<li>To strengthen the capacity of public institutions and data protection authorities in the governance and regulation of AI.<\/li>\n\n\n\n<li>Invest more in training, research and innovation in the field of artificial intelligence.<\/li>\n\n\n\n<li>To promote women\u2019s participation in AI-related professions and to facilitate their access to training, employment and leadership opportunities within the sector.<\/li>\n\n\n\n<li>Establish gender-sensitive monitoring indicators to measure progress towards inclusion and equity in AI-related policies and initiatives.<\/li>\n\n\n\n<li>To strengthen regional cooperation with a view to developing a harmonised framework for the governance of artificial intelligence in West Africa.<\/li>\n\n\n\n<li>To develop AI solutions for the agricultural sector that are accessible and tailored to the needs of smallholder farmers, taking into account local circumstances and GEDI principles.<\/li>\n\n\n\n<li>To incorporate GEDI principles into education policies and build teachers\u2019 capacity to support the responsible integration of AI into education.<\/li>\n\n\n\n<li>To build and develop representative linguistic databases in order to better incorporate African languages into AI technologies.<\/li>\n\n\n\n<li>To promote African languages in artificial intelligence systems, in particular through the development of solutions tailored to local linguistic and cultural contexts.<\/li>\n<\/ul>\n\n\n\n<p class=\"wp-block-paragraph\"><strong>A regional momentum to build on<\/strong><\/p>\n\n\n\n<p class=\"wp-block-paragraph\">The discussions confirmed that West Africa now has a strong foundation on which to build responsible artificial intelligence. However, the speakers emphasised that the progress made must be accompanied by further efforts to strengthen political, legal and institutional frameworks, improve data governance, fully integrate the principles of equity, diversity and inclusion, and accelerate cooperation between states.<\/p>\n\n\n\n<p class=\"wp-block-paragraph\">Through this webinar, GRAIN reaffirms its commitment to supporting governments, researchers, innovators and civil society organisations in developing artificial intelligence that promotes sustainable development, responsible innovation and inclusion.<\/p>\n\n\n\n<p class=\"wp-block-paragraph\">The findings of this study make a significant contribution to the regional debate and offer concrete courses of action for making AI a catalyst for change that benefits everyone.<\/p>\n  <div class=\"related-post grid\">\r\n        <div class=\"headline\">Similar articles<\/div>\r\n    <div class=\"post-list\">\r\n\r\n            <div class=\"item\">\r\n            <div class=\"thumb post_thumb\">\r\n    <a  title=\"Expert panel on artificial intelligence as a driver of development in Africa\" href=\"https:\/\/grain-africa.org\/en\/panel-dexperts-sur-lintelligence-artificielle-comme-levier-de-developpement-en-afrique\/?related_post_from=18658\">\r\n\r\n      <img fetchpriority=\"high\" decoding=\"async\" width=\"1920\" height=\"1440\" src=\"https:\/\/grain-africa.org\/wp-content\/uploads\/2023\/05\/GRAIN.jpg\" class=\"attachment-full size-full wp-post-image\" alt=\"\" srcset=\"https:\/\/grain-africa.org\/wp-content\/uploads\/2023\/05\/GRAIN.jpg 1920w, https:\/\/grain-africa.org\/wp-content\/uploads\/2023\/05\/GRAIN-300x225.jpg 300w, https:\/\/grain-africa.org\/wp-content\/uploads\/2023\/05\/GRAIN-1024x768.jpg 1024w, https:\/\/grain-africa.org\/wp-content\/uploads\/2023\/05\/GRAIN-768x576.jpg 768w\" sizes=\"(max-width: 1920px) 100vw, 1920px\" \/>\r\n\r\n    <\/a>\r\n  <\/div>\r\n\r\n  <a class=\"title post_title\"  title=\"Expert panel on artificial intelligence as a driver of development in Africa\" href=\"https:\/\/grain-africa.org\/en\/panel-dexperts-sur-lintelligence-artificielle-comme-levier-de-developpement-en-afrique\/?related_post_from=18658\">\r\n        Expert panel on artificial intelligence as a driver of development in Africa  <\/a>\r\n\r\n  <p class=\"excerpt post_excerpt\">\r\n    On Monday 15 May 2023, IPAR took part in an \"expert panel on artificial intelligence as a driver of development\u201d in Saly <a class=\"read-more\" href=\"https:\/\/grain-africa.org\/en\/panel-dexperts-sur-lintelligence-artificielle-comme-levier-de-developpement-en-afrique\/?related_post_from=18658\"> Read more<\/a>  <\/p>\r\n        <\/div>\r\n              <div class=\"item\">\r\n            <div class=\"thumb post_thumb\">\r\n    <a  title=\"Implementation of the DUA project in C\u00f4te d\u2019Ivoire: A mission deployed by IPAR to provide training for enumerators\" href=\"https:\/\/grain-africa.org\/en\/mise-en-oeuvre-du-projet-dua-en-cote-divoire-une-mission-deployee-par-ipar-pour-assurer-la-formation-des-enqueteurs\/?related_post_from=18732\">\r\n\r\n      <img decoding=\"async\" width=\"1080\" height=\"607\" src=\"https:\/\/grain-africa.org\/wp-content\/uploads\/2023\/06\/VIGNETTE-DUA-1-1.jpg\" class=\"attachment-full size-full wp-post-image\" alt=\"\" srcset=\"https:\/\/grain-africa.org\/wp-content\/uploads\/2023\/06\/VIGNETTE-DUA-1-1.jpg 1080w, https:\/\/grain-africa.org\/wp-content\/uploads\/2023\/06\/VIGNETTE-DUA-1-1-300x169.jpg 300w, https:\/\/grain-africa.org\/wp-content\/uploads\/2023\/06\/VIGNETTE-DUA-1-1-1024x576.jpg 1024w, https:\/\/grain-africa.org\/wp-content\/uploads\/2023\/06\/VIGNETTE-DUA-1-1-768x432.jpg 768w\" sizes=\"(max-width: 1080px) 100vw, 1080px\" \/>\r\n\r\n    <\/a>\r\n  <\/div>\r\n\r\n  <a class=\"title post_title\"  title=\"Implementation of the DUA project in C\u00f4te d\u2019Ivoire: A mission deployed by IPAR to provide training for enumerators\" href=\"https:\/\/grain-africa.org\/en\/mise-en-oeuvre-du-projet-dua-en-cote-divoire-une-mission-deployee-par-ipar-pour-assurer-la-formation-des-enqueteurs\/?related_post_from=18732\">\r\n        Implementation of the DUA project in C\u00f4te d\u2019Ivoire: A mission deployed by IPAR to provide training for enumerators  <\/a>\r\n\r\n  <p class=\"excerpt post_excerpt\">\r\n    IPAR is continuing to implement the DUA project in the pilot countries. Following Senegal, Burkina (CEDRES) and <a class=\"read-more\" href=\"https:\/\/grain-africa.org\/en\/mise-en-oeuvre-du-projet-dua-en-cote-divoire-une-mission-deployee-par-ipar-pour-assurer-la-formation-des-enqueteurs\/?related_post_from=18732\"> Read more<\/a>  <\/p>\r\n        <\/div>\r\n      \r\n  <\/div>\r\n\r\n  <script>\r\n      <\/script>\r\n  <style>\r\n    .related-post {}\r\n\r\n    .related-post .post-list {\r\n      text-align: left;\r\n          }\r\n\r\n    .related-post .post-list .item {\r\n      margin: 20px;\r\n      padding: 0px;\r\n          }\r\n\r\n    .related-post .headline {\r\n      font-size: 18px !important;\r\n      color: #999999 !important;\r\n          }\r\n\r\n    .related-post .headline{\r\n\t\tfont-size: 25px!important;\r\n}\r\n.related-post .post-list .item {\r\n\tmargin: 20px 35px 20px 0;\r\n}\r\n.related-post .post-list .item{\r\n\tmargin: 20px 35px 20px 0;\r\n    box-shadow: 0 0 10px 0 rgba(0,0,0,.15);\r\n    border-radius: 8px;\r\n}\r\n.related-post .post-list .item .post_title, .related-post .post-list .item p{\r\n\tpadding: 20px!important\r\n}\r\n.related-post .post-list .item .post_title{\r\n\t\tpadding-bottom: 0!important\r\n}\r\n.related-post .headline{\r\n\tcolor: var(--e-global-color-primary)!important;\r\n}\r\n.related-post .headline{\r\n\tmargin: 20px 35%!important;\r\n}\r\n\r\n@media (max-width: 1024px){\r\n\t.related-post .headline{\r\n\t\tmargin: 20px 20%!important;\r\n\t}\r\n}.related-post .post-list .item .post_thumb {\r\n      max-height: 220px;\r\n      margin: 0px 0px;\r\n      padding: 0px;\r\n      display: block;\r\n          }\r\n\r\n    .related-post .post-list .item .post_title {\r\n      font-size: 24px;\r\n      color: #005450;\r\n      margin: 10px 0px;\r\n      padding: 0px;\r\n      display: block;\r\n      text-decoration: none;\r\n      color: var(--e-global-color-primary);\r\n    font-family: var(--e-global-typography-233c6cb-font-family), Sans-serif;\r\n    font-size: var(--e-global-typography-233c6cb-font-size);\r\n    font-weight: var(--e-global-typography-233c6cb-font-weight);\r\n    line-height: var(--e-global-typography-233c6cb-line-height);\r\n    letter-spacing: var(--e-global-typography-233c6cb-letter-spacing);\r\n    word-spacing: var(--e-global-typography-233c6cb-word-spacing);    }\r\n\r\n    .related-post .post-list .item .post_excerpt {\r\n      font-size: 15px;\r\n      color: #000000;\r\n      margin: 10px 0px;\r\n      padding: 0px;\r\n      display: block;\r\n      text-decoration: none;\r\n          }\r\n\r\n    @media only screen and (min-width: 1024px) {\r\n      .related-post .post-list .item {\r\n        width: 45%;\r\n      }\r\n    }\r\n\r\n    @media only screen and (min-width: 768px) and (max-width: 1023px) {\r\n      .related-post .post-list .item {\r\n        width: 90%;\r\n      }\r\n    }\r\n\r\n    @media only screen and (min-width: 0px) and (max-width: 767px) {\r\n      .related-post .post-list .item {\r\n        width: 90%;\r\n      }\r\n    }\r\n\r\n      <\/style>\r\n    <\/div>","protected":false},"excerpt":{"rendered":"<p>Artificial intelligence (AI) is emerging as a driving force for transformation in economies and societies, but West Africa faces a major challenge: establishing a governance framework capable of reconciling innovation, ethics, inclusion and sovereignty. It is around this strategic issue that the Gender and Responsible AI Network (GRAIN) has brought together researchers, public decision-makers, \u2026 <a title=\"Implementation of the DUA project in C\u00f4te d\u2019Ivoire: A mission deployed by IPAR to provide training for enumerators\" class=\"read-more\" href=\"https:\/\/grain-africa.org\/en\/mise-en-oeuvre-du-projet-dua-en-cote-divoire-une-mission-deployee-par-ipar-pour-assurer-la-formation-des-enqueteurs\/\" aria-label=\"Read more about the implementation of the DUA project in C\u00f4te d\u2019Ivoire: A mission organised by IPAR to provide training for enumerators\">Read more<\/a><\/p>\n  <div class=\"related-post grid\">\r\n        <div class=\"headline\">Similar articles<\/div>\r\n    <div class=\"post-list\">\r\n\r\n            <div class=\"item\">\r\n            <div class=\"thumb post_thumb\">\r\n    <a  title=\"IPAR is taking part in two working groups on the development of the national strategy on Artificial Intelligence\u00a0\" href=\"https:\/\/grain-africa.org\/en\/ipar-prend-part-a-deux-groupes-de-travail-sur-lelaboration-de-la-strategie-nationale-sur-lintelligence-artificielle\/?related_post_from=18738\">\r\n\r\n      <img width=\"1600\" height=\"1200\" src=\"https:\/\/grain-africa.org\/wp-content\/uploads\/2023\/06\/IMG-20230622-WA0167-1.jpg\" class=\"attachment-full size-full wp-post-image\" alt=\"\" decoding=\"async\" srcset=\"https:\/\/grain-africa.org\/wp-content\/uploads\/2023\/06\/IMG-20230622-WA0167-1.jpg 1600w, https:\/\/grain-africa.org\/wp-content\/uploads\/2023\/06\/IMG-20230622-WA0167-1-300x225.jpg 300w, https:\/\/grain-africa.org\/wp-content\/uploads\/2023\/06\/IMG-20230622-WA0167-1-1024x768.jpg 1024w, https:\/\/grain-africa.org\/wp-content\/uploads\/2023\/06\/IMG-20230622-WA0167-1-768x576.jpg 768w, https:\/\/grain-africa.org\/wp-content\/uploads\/2023\/06\/IMG-20230622-WA0167-1-1536x1152.jpg 1536w\" sizes=\"(max-width: 1600px) 100vw, 1600px\" \/>\r\n\r\n    <\/a>\r\n  <\/div>\r\n\r\n  <a class=\"title post_title\"  title=\"IPAR is taking part in two working groups on the development of the national strategy on Artificial Intelligence\u00a0\" href=\"https:\/\/grain-africa.org\/en\/ipar-prend-part-a-deux-groupes-de-travail-sur-lelaboration-de-la-strategie-nationale-sur-lintelligence-artificielle\/?related_post_from=18738\">\r\n        IPAR is taking part in two working groups on the development of the national strategy on Artificial Intelligence\u00a0  <\/a>\r\n\r\n  <p class=\"excerpt post_excerpt\">\r\n    IPAR took part in the second workshop on the formulation of the national Artificial Intelligence strategy, which was held on 21 <a class=\"read-more\" href=\"https:\/\/grain-africa.org\/en\/ipar-prend-part-a-deux-groupes-de-travail-sur-lelaboration-de-la-strategie-nationale-sur-lintelligence-artificielle\/?related_post_from=18738\"> Read more<\/a>  <\/p>\r\n        <\/div>\r\n              <div class=\"item\">\r\n            <div class=\"thumb post_thumb\">\r\n    <a  title=\"Women Deliver Conference 2023: IPAR explores ways to roll out responsible AI that supports improvements in women\u2019s health\" href=\"https:\/\/grain-africa.org\/en\/women-deliver-conference-2023-lipar-explore-les-pistes-pour-le-deploiement-dune-ia-responsable-et-favorable-a-lamelioration-de-la-sante-des-femmes\/?related_post_from=18835\">\r\n\r\n      <img loading=\"lazy\" width=\"750\" height=\"1000\" src=\"https:\/\/grain-africa.org\/wp-content\/uploads\/2023\/07\/laure-Tall-1-1.jpg\" class=\"attachment-full size-full wp-post-image\" alt=\"\" decoding=\"async\" srcset=\"https:\/\/grain-africa.org\/wp-content\/uploads\/2023\/07\/laure-Tall-1-1.jpg 750w, https:\/\/grain-africa.org\/wp-content\/uploads\/2023\/07\/laure-Tall-1-1-225x300.jpg 225w, https:\/\/grain-africa.org\/wp-content\/uploads\/2023\/07\/laure-Tall-1-1-300x400.jpg 300w\" sizes=\"(max-width: 750px) 100vw, 750px\" \/>\r\n\r\n    <\/a>\r\n  <\/div>\r\n\r\n  <a class=\"title post_title\"  title=\"Women Deliver Conference 2023: IPAR explores ways to roll out responsible AI that supports improvements in women\u2019s health\" href=\"https:\/\/grain-africa.org\/en\/women-deliver-conference-2023-lipar-explore-les-pistes-pour-le-deploiement-dune-ia-responsable-et-favorable-a-lamelioration-de-la-sante-des-femmes\/?related_post_from=18835\">\r\n        Women Deliver Conference 2023: IPAR explores ways to roll out responsible AI that supports improvements in women\u2019s health  <\/a>\r\n\r\n  <p class=\"excerpt post_excerpt\">\r\n    The Women Deliver Conference (WD2023) is one of the largest multi-sector gatherings aimed at advancing gender equality. Co-created <a class=\"read-more\" href=\"https:\/\/grain-africa.org\/en\/women-deliver-conference-2023-lipar-explore-les-pistes-pour-le-deploiement-dune-ia-responsable-et-favorable-a-lamelioration-de-la-sante-des-femmes\/?related_post_from=18835\"> Read more<\/a>  <\/p>\r\n        <\/div>\r\n      \r\n  <\/div>\r\n\r\n  <script>\r\n      <\/script>\r\n  <style>\r\n    .related-post {}\r\n\r\n    .related-post .post-list {\r\n      text-align: left;\r\n          }\r\n\r\n    .related-post .post-list .item {\r\n      margin: 20px;\r\n      padding: 0px;\r\n          }\r\n\r\n    .related-post .headline {\r\n      font-size: 18px !important;\r\n      color: #999999 !important;\r\n          }\r\n\r\n    .related-post .headline{\r\n\t\tfont-size: 25px!important;\r\n}\r\n.related-post .post-list .item {\r\n\tmargin: 20px 35px 20px 0;\r\n}\r\n.related-post .post-list .item{\r\n\tmargin: 20px 35px 20px 0;\r\n    box-shadow: 0 0 10px 0 rgba(0,0,0,.15);\r\n    border-radius: 8px;\r\n}\r\n.related-post .post-list .item .post_title, .related-post .post-list .item p{\r\n\tpadding: 20px!important\r\n}\r\n.related-post .post-list .item .post_title{\r\n\t\tpadding-bottom: 0!important\r\n}\r\n.related-post .headline{\r\n\tcolor: var(--e-global-color-primary)!important;\r\n}\r\n.related-post .headline{\r\n\tmargin: 20px 35%!important;\r\n}\r\n\r\n@media (max-width: 1024px){\r\n\t.related-post .headline{\r\n\t\tmargin: 20px 20%!important;\r\n\t}\r\n}.related-post .post-list .item .post_thumb {\r\n      max-height: 220px;\r\n      margin: 0px 0px;\r\n      padding: 0px;\r\n      display: block;\r\n          }\r\n\r\n    .related-post .post-list .item .post_title {\r\n      font-size: 24px;\r\n      color: #005450;\r\n      margin: 10px 0px;\r\n      padding: 0px;\r\n      display: block;\r\n      text-decoration: none;\r\n      color: var(--e-global-color-primary);\r\n    font-family: var(--e-global-typography-233c6cb-font-family), Sans-serif;\r\n    font-size: var(--e-global-typography-233c6cb-font-size);\r\n    font-weight: var(--e-global-typography-233c6cb-font-weight);\r\n    line-height: var(--e-global-typography-233c6cb-line-height);\r\n    letter-spacing: var(--e-global-typography-233c6cb-letter-spacing);\r\n    word-spacing: var(--e-global-typography-233c6cb-word-spacing);    }\r\n\r\n    .related-post .post-list .item .post_excerpt {\r\n      font-size: 15px;\r\n      color: #000000;\r\n      margin: 10px 0px;\r\n      padding: 0px;\r\n      display: block;\r\n      text-decoration: none;\r\n          }\r\n\r\n    @media only screen and (min-width: 1024px) {\r\n      .related-post .post-list .item {\r\n        width: 45%;\r\n      }\r\n    }\r\n\r\n    @media only screen and (min-width: 768px) and (max-width: 1023px) {\r\n      .related-post .post-list .item {\r\n        width: 90%;\r\n      }\r\n    }\r\n\r\n    @media only screen and (min-width: 0px) and (max-width: 767px) {\r\n      .related-post .post-list .item {\r\n        width: 90%;\r\n      }\r\n    }\r\n\r\n      <\/style>\r\n    <\/div>","protected":false},"author":6,"featured_media":21584,"comment_status":"open","ping_status":"open","sticky":false,"template":"","format":"standard","meta":{"footnotes":"","_members_access_role":[],"_members_access_error":""},"categories":[10,2],"tags":[17,24,18],"class_list":["post-21583","post","type-post","status-publish","format-standard","has-post-thumbnail","hentry","category-actualites-grain","category-articles","tag-grain","tag-ia","tag-intelligence-artificielle"],"yoast_head":"<!-- This site is optimized with the Yoast SEO plugin v28.1 - https:\/\/yoast.com\/product\/yoast-seo-wordpress\/ -->\n<title>Intelligence artificielle en Afrique de l\u2019Ouest : GRAIN pr\u00e9sente les r\u00e9sultats d\u2019une \u00e9tude comparative pour une gouvernance plus inclusive et responsable de l\u2019IA - GRAIN<\/title>\n<meta name=\"robots\" content=\"index, follow, max-snippet:-1, max-image-preview:large, max-video-preview:-1\" \/>\n<link rel=\"canonical\" href=\"https:\/\/grain-africa.org\/en\/artificial-intelligence-in-west-africa-grain-presents-the-findings-of-a-comparative-study-aimed-at-promoting-more-inclusive-and-accountable-governance-of-ai\/\" \/>\n<meta property=\"og:locale\" content=\"en_GB\" \/>\n<meta property=\"og:type\" content=\"article\" \/>\n<meta property=\"og:title\" content=\"Intelligence artificielle en Afrique de l\u2019Ouest : GRAIN pr\u00e9sente les r\u00e9sultats d\u2019une \u00e9tude comparative pour une gouvernance plus inclusive et responsable de l\u2019IA - GRAIN\" \/>\n<meta property=\"og:description\" content=\"L\u2019intelligence artificielle (IA) s\u2019impose comme un moteur de transformation des \u00e9conomies et des soci\u00e9t\u00e9s mais la r\u00e9gion ouest africaine doit relever un d\u00e9fi majeur : construire une gouvernance capable de concilier innovation, \u00e9thique, inclusion et souverainet\u00e9. C\u2019est autour de cet enjeu strat\u00e9gique que le Gender and Responsible AI Network (GRAIN) a r\u00e9uni chercheurs, d\u00e9cideurs publics, ... Read more\" \/>\n<meta property=\"og:url\" content=\"https:\/\/grain-africa.org\/en\/artificial-intelligence-in-west-africa-grain-presents-the-findings-of-a-comparative-study-aimed-at-promoting-more-inclusive-and-accountable-governance-of-ai\/\" \/>\n<meta property=\"og:site_name\" content=\"GRAIN\" \/>\n<meta property=\"article:published_time\" content=\"2026-08-10T11:40:38+00:00\" \/>\n<meta property=\"article:modified_time\" content=\"2026-08-10T11:40:39+00:00\" \/>\n<meta property=\"og:image\" content=\"https:\/\/grain-africa.org\/wp-content\/uploads\/2026\/08\/Capture-decran-2026-07-28-140918.png\" \/>\n\t<meta property=\"og:image:width\" content=\"2256\" \/>\n\t<meta property=\"og:image:height\" content=\"1504\" \/>\n\t<meta property=\"og:image:type\" content=\"image\/png\" \/>\n<meta name=\"author\" content=\"Grain\" \/>\n<meta name=\"twitter:card\" content=\"summary_large_image\" \/>\n<meta name=\"twitter:label1\" content=\"Written by\" \/>\n\t<meta name=\"twitter:data1\" content=\"Grain\" \/>\n\t<meta name=\"twitter:label2\" content=\"Estimated reading time\" \/>\n\t<meta name=\"twitter:data2\" content=\"7 minutes\" \/>\n<script type=\"application\/ld+json\" class=\"yoast-schema-graph\">{\"@context\":\"https:\\\/\\\/schema.org\",\"@graph\":[{\"@type\":\"Article\",\"@id\":\"https:\\\/\\\/grain-africa.org\\\/intelligence-artificielle-en-afrique-de-louest-grain-presente-les-resultats-dune-etude-comparative-pour-une-gouvernance-plus-inclusive-et-responsable-de-lia\\\/#article\",\"isPartOf\":{\"@id\":\"https:\\\/\\\/grain-africa.org\\\/intelligence-artificielle-en-afrique-de-louest-grain-presente-les-resultats-dune-etude-comparative-pour-une-gouvernance-plus-inclusive-et-responsable-de-lia\\\/\"},\"author\":{\"name\":\"Grain\",\"@id\":\"https:\\\/\\\/grain-africa.org\\\/en\\\/#\\\/schema\\\/person\\\/8e96635caa3caa6fd0c63aa131ba70ac\"},\"headline\":\"Intelligence artificielle en Afrique de l\u2019Ouest : GRAIN pr\u00e9sente les r\u00e9sultats d\u2019une \u00e9tude comparative pour une gouvernance plus inclusive et responsable de l\u2019IA\",\"datePublished\":\"2026-08-10T11:40:38+00:00\",\"dateModified\":\"2026-08-10T11:40:39+00:00\",\"mainEntityOfPage\":{\"@id\":\"https:\\\/\\\/grain-africa.org\\\/intelligence-artificielle-en-afrique-de-louest-grain-presente-les-resultats-dune-etude-comparative-pour-une-gouvernance-plus-inclusive-et-responsable-de-lia\\\/\"},\"wordCount\":1796,\"commentCount\":0,\"publisher\":{\"@id\":\"https:\\\/\\\/grain-africa.org\\\/en\\\/#organization\"},\"image\":{\"@id\":\"https:\\\/\\\/grain-africa.org\\\/intelligence-artificielle-en-afrique-de-louest-grain-presente-les-resultats-dune-etude-comparative-pour-une-gouvernance-plus-inclusive-et-responsable-de-lia\\\/#primaryimage\"},\"thumbnailUrl\":\"https:\\\/\\\/grain-africa.org\\\/wp-content\\\/uploads\\\/2026\\\/08\\\/Capture-decran-2026-07-28-140918.png\",\"keywords\":[\"GRAIN\",\"IA\",\"intelligence artificielle\"],\"articleSection\":[\"Actualit\u00e9s GRAIN\",\"Articles\"],\"inLanguage\":\"en-GB\",\"potentialAction\":[{\"@type\":\"CommentAction\",\"name\":\"Comment\",\"target\":[\"https:\\\/\\\/grain-africa.org\\\/intelligence-artificielle-en-afrique-de-louest-grain-presente-les-resultats-dune-etude-comparative-pour-une-gouvernance-plus-inclusive-et-responsable-de-lia\\\/#respond\"]}]},{\"@type\":\"WebPage\",\"@id\":\"https:\\\/\\\/grain-africa.org\\\/intelligence-artificielle-en-afrique-de-louest-grain-presente-les-resultats-dune-etude-comparative-pour-une-gouvernance-plus-inclusive-et-responsable-de-lia\\\/\",\"url\":\"https:\\\/\\\/grain-africa.org\\\/intelligence-artificielle-en-afrique-de-louest-grain-presente-les-resultats-dune-etude-comparative-pour-une-gouvernance-plus-inclusive-et-responsable-de-lia\\\/\",\"name\":\"Intelligence artificielle en Afrique de l\u2019Ouest : GRAIN pr\u00e9sente les r\u00e9sultats d\u2019une \u00e9tude comparative pour une gouvernance plus inclusive et responsable de l\u2019IA - GRAIN\",\"isPartOf\":{\"@id\":\"https:\\\/\\\/grain-africa.org\\\/en\\\/#website\"},\"primaryImageOfPage\":{\"@id\":\"https:\\\/\\\/grain-africa.org\\\/intelligence-artificielle-en-afrique-de-louest-grain-presente-les-resultats-dune-etude-comparative-pour-une-gouvernance-plus-inclusive-et-responsable-de-lia\\\/#primaryimage\"},\"image\":{\"@id\":\"https:\\\/\\\/grain-africa.org\\\/intelligence-artificielle-en-afrique-de-louest-grain-presente-les-resultats-dune-etude-comparative-pour-une-gouvernance-plus-inclusive-et-responsable-de-lia\\\/#primaryimage\"},\"thumbnailUrl\":\"https:\\\/\\\/grain-africa.org\\\/wp-content\\\/uploads\\\/2026\\\/08\\\/Capture-decran-2026-07-28-140918.png\",\"datePublished\":\"2026-08-10T11:40:38+00:00\",\"dateModified\":\"2026-08-10T11:40:39+00:00\",\"breadcrumb\":{\"@id\":\"https:\\\/\\\/grain-africa.org\\\/intelligence-artificielle-en-afrique-de-louest-grain-presente-les-resultats-dune-etude-comparative-pour-une-gouvernance-plus-inclusive-et-responsable-de-lia\\\/#breadcrumb\"},\"inLanguage\":\"en-GB\",\"potentialAction\":[{\"@type\":\"ReadAction\",\"target\":[\"https:\\\/\\\/grain-africa.org\\\/intelligence-artificielle-en-afrique-de-louest-grain-presente-les-resultats-dune-etude-comparative-pour-une-gouvernance-plus-inclusive-et-responsable-de-lia\\\/\"]}]},{\"@type\":\"ImageObject\",\"inLanguage\":\"en-GB\",\"@id\":\"https:\\\/\\\/grain-africa.org\\\/intelligence-artificielle-en-afrique-de-louest-grain-presente-les-resultats-dune-etude-comparative-pour-une-gouvernance-plus-inclusive-et-responsable-de-lia\\\/#primaryimage\",\"url\":\"https:\\\/\\\/grain-africa.org\\\/wp-content\\\/uploads\\\/2026\\\/08\\\/Capture-decran-2026-07-28-140918.png\",\"contentUrl\":\"https:\\\/\\\/grain-africa.org\\\/wp-content\\\/uploads\\\/2026\\\/08\\\/Capture-decran-2026-07-28-140918.png\",\"width\":2256,\"height\":1504},{\"@type\":\"BreadcrumbList\",\"@id\":\"https:\\\/\\\/grain-africa.org\\\/intelligence-artificielle-en-afrique-de-louest-grain-presente-les-resultats-dune-etude-comparative-pour-une-gouvernance-plus-inclusive-et-responsable-de-lia\\\/#breadcrumb\",\"itemListElement\":[{\"@type\":\"ListItem\",\"position\":1,\"name\":\"Accueil\",\"item\":\"https:\\\/\\\/grain-africa.org\\\/\"},{\"@type\":\"ListItem\",\"position\":2,\"name\":\"Intelligence artificielle en Afrique de l\u2019Ouest : GRAIN pr\u00e9sente les r\u00e9sultats d\u2019une \u00e9tude comparative pour une gouvernance plus inclusive et responsable de l\u2019IA\"}]},{\"@type\":\"WebSite\",\"@id\":\"https:\\\/\\\/grain-africa.org\\\/en\\\/#website\",\"url\":\"https:\\\/\\\/grain-africa.org\\\/en\\\/\",\"name\":\"GRAIN\",\"description\":\"\",\"publisher\":{\"@id\":\"https:\\\/\\\/grain-africa.org\\\/en\\\/#organization\"},\"potentialAction\":[{\"@type\":\"SearchAction\",\"target\":{\"@type\":\"EntryPoint\",\"urlTemplate\":\"https:\\\/\\\/grain-africa.org\\\/en\\\/?s={search_term_string}\"},\"query-input\":{\"@type\":\"PropertyValueSpecification\",\"valueRequired\":true,\"valueName\":\"search_term_string\"}}],\"inLanguage\":\"en-GB\"},{\"@type\":\"Organization\",\"@id\":\"https:\\\/\\\/grain-africa.org\\\/en\\\/#organization\",\"name\":\"GRAIN\",\"url\":\"https:\\\/\\\/grain-africa.org\\\/en\\\/\",\"logo\":{\"@type\":\"ImageObject\",\"inLanguage\":\"en-GB\",\"@id\":\"https:\\\/\\\/grain-africa.org\\\/en\\\/#\\\/schema\\\/logo\\\/image\\\/\",\"url\":\"https:\\\/\\\/grain-africa.org\\\/wp-content\\\/uploads\\\/2020\\\/03\\\/GRAIN_newlogo_273_-removebg-preview-1.png\",\"contentUrl\":\"https:\\\/\\\/grain-africa.org\\\/wp-content\\\/uploads\\\/2020\\\/03\\\/GRAIN_newlogo_273_-removebg-preview-1.png\",\"width\":829,\"height\":297,\"caption\":\"GRAIN\"},\"image\":{\"@id\":\"https:\\\/\\\/grain-africa.org\\\/en\\\/#\\\/schema\\\/logo\\\/image\\\/\"}},{\"@type\":\"Person\",\"@id\":\"https:\\\/\\\/grain-africa.org\\\/en\\\/#\\\/schema\\\/person\\\/8e96635caa3caa6fd0c63aa131ba70ac\",\"name\":\"Grain\",\"image\":{\"@type\":\"ImageObject\",\"inLanguage\":\"en-GB\",\"@id\":\"https:\\\/\\\/secure.gravatar.com\\\/avatar\\\/eb0353ad560ccc07f02a81e70173331c7ddfe4d85700cfd40f35dbe25278a170?s=96&d=mm&r=g\",\"url\":\"https:\\\/\\\/secure.gravatar.com\\\/avatar\\\/eb0353ad560ccc07f02a81e70173331c7ddfe4d85700cfd40f35dbe25278a170?s=96&d=mm&r=g\",\"contentUrl\":\"https:\\\/\\\/secure.gravatar.com\\\/avatar\\\/eb0353ad560ccc07f02a81e70173331c7ddfe4d85700cfd40f35dbe25278a170?s=96&d=mm&r=g\",\"caption\":\"Grain\"},\"url\":\"https:\\\/\\\/grain-africa.org\\\/en\\\/author\\\/grain\\\/\"}]}<\/script>\n<!-- \/ Yoast SEO plugin. -->","yoast_head_json":{"title":"Artificial Intelligence in West Africa: GRAIN presents the findings of a comparative study towards more inclusive and accountable AI governance - GRAIN","robots":{"index":"index","follow":"follow","max-snippet":"max-snippet:-1","max-image-preview":"max-image-preview:large","max-video-preview":"max-video-preview:-1"},"canonical":"https:\/\/grain-africa.org\/en\/artificial-intelligence-in-west-africa-grain-presents-the-findings-of-a-comparative-study-aimed-at-promoting-more-inclusive-and-accountable-governance-of-ai\/","og_locale":"en_GB","og_type":"article","og_title":"Intelligence artificielle en Afrique de l\u2019Ouest : GRAIN pr\u00e9sente les r\u00e9sultats d\u2019une \u00e9tude comparative pour une gouvernance plus inclusive et responsable de l\u2019IA - GRAIN","og_description":"L\u2019intelligence artificielle (IA) s\u2019impose comme un moteur de transformation des \u00e9conomies et des soci\u00e9t\u00e9s mais la r\u00e9gion ouest africaine doit relever un d\u00e9fi majeur : construire une gouvernance capable de concilier innovation, \u00e9thique, inclusion et souverainet\u00e9. C\u2019est autour de cet enjeu strat\u00e9gique que le Gender and Responsible AI Network (GRAIN) a r\u00e9uni chercheurs, d\u00e9cideurs publics, ... Read more","og_url":"https:\/\/grain-africa.org\/en\/artificial-intelligence-in-west-africa-grain-presents-the-findings-of-a-comparative-study-aimed-at-promoting-more-inclusive-and-accountable-governance-of-ai\/","og_site_name":"GRAIN","article_published_time":"2026-08-10T11:40:38+00:00","article_modified_time":"2026-08-10T11:40:39+00:00","og_image":[{"width":2256,"height":1504,"url":"https:\/\/grain-africa.org\/wp-content\/uploads\/2026\/08\/Capture-decran-2026-07-28-140918.png","type":"image\/png"}],"author":"Grain","twitter_card":"summary_large_image","twitter_misc":{"Written by":"Grain","Estimated reading time":"7 minutes"},"schema":{"@context":"https:\/\/schema.org","@graph":[{"@type":"Article","@id":"https:\/\/grain-africa.org\/intelligence-artificielle-en-afrique-de-louest-grain-presente-les-resultats-dune-etude-comparative-pour-une-gouvernance-plus-inclusive-et-responsable-de-lia\/#article","isPartOf":{"@id":"https:\/\/grain-africa.org\/intelligence-artificielle-en-afrique-de-louest-grain-presente-les-resultats-dune-etude-comparative-pour-une-gouvernance-plus-inclusive-et-responsable-de-lia\/"},"author":{"name":"Grain","@id":"https:\/\/grain-africa.org\/en\/#\/schema\/person\/8e96635caa3caa6fd0c63aa131ba70ac"},"headline":"Intelligence artificielle en Afrique de l\u2019Ouest : GRAIN pr\u00e9sente les r\u00e9sultats d\u2019une \u00e9tude comparative pour une gouvernance plus inclusive et responsable de l\u2019IA","datePublished":"2026-08-10T11:40:38+00:00","dateModified":"2026-08-10T11:40:39+00:00","mainEntityOfPage":{"@id":"https:\/\/grain-africa.org\/intelligence-artificielle-en-afrique-de-louest-grain-presente-les-resultats-dune-etude-comparative-pour-une-gouvernance-plus-inclusive-et-responsable-de-lia\/"},"wordCount":1796,"commentCount":0,"publisher":{"@id":"https:\/\/grain-africa.org\/en\/#organization"},"image":{"@id":"https:\/\/grain-africa.org\/intelligence-artificielle-en-afrique-de-louest-grain-presente-les-resultats-dune-etude-comparative-pour-une-gouvernance-plus-inclusive-et-responsable-de-lia\/#primaryimage"},"thumbnailUrl":"https:\/\/grain-africa.org\/wp-content\/uploads\/2026\/08\/Capture-decran-2026-07-28-140918.png","keywords":["GRAIN","IA","intelligence artificielle"],"articleSection":["Actualit\u00e9s GRAIN","Articles"],"inLanguage":"en-GB","potentialAction":[{"@type":"CommentAction","name":"Comment","target":["https:\/\/grain-africa.org\/intelligence-artificielle-en-afrique-de-louest-grain-presente-les-resultats-dune-etude-comparative-pour-une-gouvernance-plus-inclusive-et-responsable-de-lia\/#respond"]}]},{"@type":"WebPage","@id":"https:\/\/grain-africa.org\/intelligence-artificielle-en-afrique-de-louest-grain-presente-les-resultats-dune-etude-comparative-pour-une-gouvernance-plus-inclusive-et-responsable-de-lia\/","url":"https:\/\/grain-africa.org\/intelligence-artificielle-en-afrique-de-louest-grain-presente-les-resultats-dune-etude-comparative-pour-une-gouvernance-plus-inclusive-et-responsable-de-lia\/","name":"Artificial Intelligence in West Africa: GRAIN presents the findings of a comparative study towards more inclusive and accountable AI governance - GRAIN","isPartOf":{"@id":"https:\/\/grain-africa.org\/en\/#website"},"primaryImageOfPage":{"@id":"https:\/\/grain-africa.org\/intelligence-artificielle-en-afrique-de-louest-grain-presente-les-resultats-dune-etude-comparative-pour-une-gouvernance-plus-inclusive-et-responsable-de-lia\/#primaryimage"},"image":{"@id":"https:\/\/grain-africa.org\/intelligence-artificielle-en-afrique-de-louest-grain-presente-les-resultats-dune-etude-comparative-pour-une-gouvernance-plus-inclusive-et-responsable-de-lia\/#primaryimage"},"thumbnailUrl":"https:\/\/grain-africa.org\/wp-content\/uploads\/2026\/08\/Capture-decran-2026-07-28-140918.png","datePublished":"2026-08-10T11:40:38+00:00","dateModified":"2026-08-10T11:40:39+00:00","breadcrumb":{"@id":"https:\/\/grain-africa.org\/intelligence-artificielle-en-afrique-de-louest-grain-presente-les-resultats-dune-etude-comparative-pour-une-gouvernance-plus-inclusive-et-responsable-de-lia\/#breadcrumb"},"inLanguage":"en-GB","potentialAction":[{"@type":"ReadAction","target":["https:\/\/grain-africa.org\/intelligence-artificielle-en-afrique-de-louest-grain-presente-les-resultats-dune-etude-comparative-pour-une-gouvernance-plus-inclusive-et-responsable-de-lia\/"]}]},{"@type":"ImageObject","inLanguage":"en-GB","@id":"https:\/\/grain-africa.org\/intelligence-artificielle-en-afrique-de-louest-grain-presente-les-resultats-dune-etude-comparative-pour-une-gouvernance-plus-inclusive-et-responsable-de-lia\/#primaryimage","url":"https:\/\/grain-africa.org\/wp-content\/uploads\/2026\/08\/Capture-decran-2026-07-28-140918.png","contentUrl":"https:\/\/grain-africa.org\/wp-content\/uploads\/2026\/08\/Capture-decran-2026-07-28-140918.png","width":2256,"height":1504},{"@type":"BreadcrumbList","@id":"https:\/\/grain-africa.org\/intelligence-artificielle-en-afrique-de-louest-grain-presente-les-resultats-dune-etude-comparative-pour-une-gouvernance-plus-inclusive-et-responsable-de-lia\/#breadcrumb","itemListElement":[{"@type":"ListItem","position":1,"name":"Accueil","item":"https:\/\/grain-africa.org\/"},{"@type":"ListItem","position":2,"name":"Intelligence artificielle en Afrique de l\u2019Ouest : GRAIN pr\u00e9sente les r\u00e9sultats d\u2019une \u00e9tude comparative pour une gouvernance plus inclusive et responsable de l\u2019IA"}]},{"@type":"WebSite","@id":"https:\/\/grain-africa.org\/en\/#website","url":"https:\/\/grain-africa.org\/en\/","name":"GRAIN","description":"","publisher":{"@id":"https:\/\/grain-africa.org\/en\/#organization"},"potentialAction":[{"@type":"SearchAction","target":{"@type":"EntryPoint","urlTemplate":"https:\/\/grain-africa.org\/en\/?s={search_term_string}"},"query-input":{"@type":"PropertyValueSpecification","valueRequired":true,"valueName":"search_term_string"}}],"inLanguage":"en-GB"},{"@type":"Organization","@id":"https:\/\/grain-africa.org\/en\/#organization","name":"GRAIN","url":"https:\/\/grain-africa.org\/en\/","logo":{"@type":"ImageObject","inLanguage":"en-GB","@id":"https:\/\/grain-africa.org\/en\/#\/schema\/logo\/image\/","url":"https:\/\/grain-africa.org\/wp-content\/uploads\/2020\/03\/GRAIN_newlogo_273_-removebg-preview-1.png","contentUrl":"https:\/\/grain-africa.org\/wp-content\/uploads\/2020\/03\/GRAIN_newlogo_273_-removebg-preview-1.png","width":829,"height":297,"caption":"GRAIN"},"image":{"@id":"https:\/\/grain-africa.org\/en\/#\/schema\/logo\/image\/"}},{"@type":"Person","@id":"https:\/\/grain-africa.org\/en\/#\/schema\/person\/8e96635caa3caa6fd0c63aa131ba70ac","name":"Grain","image":{"@type":"ImageObject","inLanguage":"en-GB","@id":"https:\/\/secure.gravatar.com\/avatar\/eb0353ad560ccc07f02a81e70173331c7ddfe4d85700cfd40f35dbe25278a170?s=96&d=mm&r=g","url":"https:\/\/secure.gravatar.com\/avatar\/eb0353ad560ccc07f02a81e70173331c7ddfe4d85700cfd40f35dbe25278a170?s=96&d=mm&r=g","contentUrl":"https:\/\/secure.gravatar.com\/avatar\/eb0353ad560ccc07f02a81e70173331c7ddfe4d85700cfd40f35dbe25278a170?s=96&d=mm&r=g","caption":"Grain"},"url":"https:\/\/grain-africa.org\/en\/author\/grain\/"}]}},"_links":{"self":[{"href":"https:\/\/grain-africa.org\/en\/wp-json\/wp\/v2\/posts\/21583","targetHints":{"allow":["GET"]}}],"collection":[{"href":"https:\/\/grain-africa.org\/en\/wp-json\/wp\/v2\/posts"}],"about":[{"href":"https:\/\/grain-africa.org\/en\/wp-json\/wp\/v2\/types\/post"}],"author":[{"embeddable":true,"href":"https:\/\/grain-africa.org\/en\/wp-json\/wp\/v2\/users\/6"}],"replies":[{"embeddable":true,"href":"https:\/\/grain-africa.org\/en\/wp-json\/wp\/v2\/comments?post=21583"}],"version-history":[{"count":1,"href":"https:\/\/grain-africa.org\/en\/wp-json\/wp\/v2\/posts\/21583\/revisions"}],"predecessor-version":[{"id":21585,"href":"https:\/\/grain-africa.org\/en\/wp-json\/wp\/v2\/posts\/21583\/revisions\/21585"}],"wp:featuredmedia":[{"embeddable":true,"href":"https:\/\/grain-africa.org\/en\/wp-json\/wp\/v2\/media\/21584"}],"wp:attachment":[{"href":"https:\/\/grain-africa.org\/en\/wp-json\/wp\/v2\/media?parent=21583"}],"wp:term":[{"taxonomy":"category","embeddable":true,"href":"https:\/\/grain-africa.org\/en\/wp-json\/wp\/v2\/categories?post=21583"},{"taxonomy":"post_tag","embeddable":true,"href":"https:\/\/grain-africa.org\/en\/wp-json\/wp\/v2\/tags?post=21583"}],"curies":[{"name":"wp","href":"https:\/\/api.w.org\/{rel}","templated":true}]}}