{"id":18965,"date":"2023-09-19T13:05:04","date_gmt":"2023-09-19T11:05:04","guid":{"rendered":"https:\/\/grain-africa.org\/?p=18965"},"modified":"2023-09-19T13:05:04","modified_gmt":"2023-09-19T11:05:04","slug":"why-we-need-to-unlock-the-potential-of-data-in-a-responsible-and-inclusive-way","status":"publish","type":"post","link":"https:\/\/grain-africa.org\/en\/pourquoi-nous-devons-liberer-le-potentiel-des-donnees-de-maniere-responsable-et-inclusive\/","title":{"rendered":"Why we must unlock the potential of data in a responsible and inclusive way"},"content":{"rendered":"<p class=\"wp-block-paragraph\"><\/p>\n\n\n\n<p class=\"wp-block-paragraph\"><strong><em>By Adedeji Adeniran and Ezra Ihezie<\/em><\/strong><\/p>\n\n\n\n<p class=\"wp-block-paragraph\"><strong><em>Adedeji Adeniran, Research Director, and Ezra Ihezie, Research Fellow, at the Centre for the Study of African Economies (CSEA), explain why we need to unlock the potential of data in a responsible and inclusive way.<\/em><\/strong><\/p>\n\n\n\n<p class=\"wp-block-paragraph\">In today\u2019s digital age, data has become an invaluable asset, driving innovation, economic growth and societal development. Africa, with its vast population and diverse landscapes, holds immense potential for harnessing data to transform various sectors. However, to harness the power of data effectively, responsible data governance is essential. This blog post explores the concept of responsibly unlocking the value of data for all, the evolution of data governance efforts in Africa, and the potential of sandboxes to facilitate cross-border data sharing.<\/p>\n\n\n\n<p class=\"wp-block-paragraph\"><strong>Data matters: how to unlock its potential in a responsible and inclusive way<\/strong><\/p>\n\n\n\n<p class=\"wp-block-paragraph\">Data is often metaphorically referred to as the new oil. Alluding to this comparison, responsible data governance involves refining data (the new crude oil) into value and innovations for society. Responsibly unlocking the value of data for all involves creating an inclusive data ecosystem that benefits individuals, businesses, governments and society. This concept highlights the importance of data governance frameworks that prioritise equitable access, protection and the ethical use of data. It emphasises the promotion of privacy, security, transparency and accountability within these frameworks. Furthermore, this requires tackling issues of data inequality to ensure that marginalised communities have access to data-driven innovations. By creating such an ecosystem, we foster diversity, competition, innovation and collaboration whilst harnessing data for positive purposes, whilst recognising and mitigating the limitations and uncertainties inherent in data.<\/p>\n\n\n\n<p class=\"wp-block-paragraph\">Read more: <a href=\"https:\/\/www.thedatasphere.org\/news\/responsible-data-governance-unlocking-africas-potential\/\">https:\/\/www.thedatasphere.org\/news\/responsible-data-governance-unlocking-africas-potential\/<\/a><\/p>\n  <div class=\"related-post grid\">\r\n        <div class=\"headline\">Similar articles<\/div>\r\n    <div class=\"post-list\">\r\n\r\n            <div class=\"item\">\r\n            <div class=\"thumb post_thumb\">\r\n    <a  title=\"Expert panel on artificial intelligence as a driver of development in Africa\" href=\"https:\/\/grain-africa.org\/en\/panel-dexperts-sur-lintelligence-artificielle-comme-levier-de-developpement-en-afrique\/?related_post_from=18658\">\r\n\r\n      <img fetchpriority=\"high\" decoding=\"async\" width=\"1920\" height=\"1440\" src=\"https:\/\/grain-africa.org\/wp-content\/uploads\/2023\/05\/GRAIN.jpg\" class=\"attachment-full size-full wp-post-image\" alt=\"\" srcset=\"https:\/\/grain-africa.org\/wp-content\/uploads\/2023\/05\/GRAIN.jpg 1920w, https:\/\/grain-africa.org\/wp-content\/uploads\/2023\/05\/GRAIN-300x225.jpg 300w, https:\/\/grain-africa.org\/wp-content\/uploads\/2023\/05\/GRAIN-1024x768.jpg 1024w, https:\/\/grain-africa.org\/wp-content\/uploads\/2023\/05\/GRAIN-768x576.jpg 768w\" sizes=\"(max-width: 1920px) 100vw, 1920px\" \/>\r\n\r\n    <\/a>\r\n  <\/div>\r\n\r\n  <a class=\"title post_title\"  title=\"Expert panel on artificial intelligence as a driver of development in Africa\" href=\"https:\/\/grain-africa.org\/en\/panel-dexperts-sur-lintelligence-artificielle-comme-levier-de-developpement-en-afrique\/?related_post_from=18658\">\r\n        Expert panel on artificial intelligence as a driver of development in Africa  <\/a>\r\n\r\n  <p class=\"excerpt post_excerpt\">\r\n    On Monday 15 May 2023, IPAR took part in an \"expert panel on artificial intelligence as a driver of development\u201d in Saly <a class=\"read-more\" href=\"https:\/\/grain-africa.org\/en\/panel-dexperts-sur-lintelligence-artificielle-comme-levier-de-developpement-en-afrique\/?related_post_from=18658\"> Read more<\/a>  <\/p>\r\n        <\/div>\r\n              <div class=\"item\">\r\n            <div class=\"thumb post_thumb\">\r\n    <a  title=\"Women Deliver Conference 2023: IPAR explores ways to roll out responsible AI that supports improvements in women\u2019s health\" href=\"https:\/\/grain-africa.org\/en\/women-deliver-conference-2023-lipar-explore-les-pistes-pour-le-deploiement-dune-ia-responsable-et-favorable-a-lamelioration-de-la-sante-des-femmes\/?related_post_from=18835\">\r\n\r\n      <img decoding=\"async\" width=\"750\" height=\"1000\" src=\"https:\/\/grain-africa.org\/wp-content\/uploads\/2023\/07\/laure-Tall-1-1.jpg\" class=\"attachment-full size-full wp-post-image\" alt=\"\" srcset=\"https:\/\/grain-africa.org\/wp-content\/uploads\/2023\/07\/laure-Tall-1-1.jpg 750w, https:\/\/grain-africa.org\/wp-content\/uploads\/2023\/07\/laure-Tall-1-1-225x300.jpg 225w, https:\/\/grain-africa.org\/wp-content\/uploads\/2023\/07\/laure-Tall-1-1-300x400.jpg 300w\" sizes=\"(max-width: 750px) 100vw, 750px\" \/>\r\n\r\n    <\/a>\r\n  <\/div>\r\n\r\n  <a class=\"title post_title\"  title=\"Women Deliver Conference 2023: IPAR explores ways to roll out responsible AI that supports improvements in women\u2019s health\" href=\"https:\/\/grain-africa.org\/en\/women-deliver-conference-2023-lipar-explore-les-pistes-pour-le-deploiement-dune-ia-responsable-et-favorable-a-lamelioration-de-la-sante-des-femmes\/?related_post_from=18835\">\r\n        Women Deliver Conference 2023: IPAR explores ways to roll out responsible AI that supports improvements in women\u2019s health  <\/a>\r\n\r\n  <p class=\"excerpt post_excerpt\">\r\n    The Women Deliver Conference (WD2023) is one of the largest multi-sector gatherings aimed at advancing gender equality. Co-created <a class=\"read-more\" href=\"https:\/\/grain-africa.org\/en\/women-deliver-conference-2023-lipar-explore-les-pistes-pour-le-deploiement-dune-ia-responsable-et-favorable-a-lamelioration-de-la-sante-des-femmes\/?related_post_from=18835\"> Read more<\/a>  <\/p>\r\n        <\/div>\r\n      \r\n  <\/div>\r\n\r\n  <script>\r\n      <\/script>\r\n  <style>\r\n    .related-post {}\r\n\r\n    .related-post .post-list {\r\n      text-align: left;\r\n          }\r\n\r\n    .related-post .post-list .item {\r\n      margin: 20px;\r\n      padding: 0px;\r\n          }\r\n\r\n    .related-post .headline {\r\n      font-size: 18px !important;\r\n      color: #999999 !important;\r\n          }\r\n\r\n    .related-post .headline{\r\n\t\tfont-size: 25px!important;\r\n}\r\n.related-post .post-list .item {\r\n\tmargin: 20px 35px 20px 0;\r\n}\r\n.related-post .post-list .item{\r\n\tmargin: 20px 35px 20px 0;\r\n    box-shadow: 0 0 10px 0 rgba(0,0,0,.15);\r\n    border-radius: 8px;\r\n}\r\n.related-post .post-list .item .post_title, .related-post .post-list .item p{\r\n\tpadding: 20px!important\r\n}\r\n.related-post .post-list .item .post_title{\r\n\t\tpadding-bottom: 0!important\r\n}\r\n.related-post .headline{\r\n\tcolor: var(--e-global-color-primary)!important;\r\n}\r\n.related-post .headline{\r\n\tmargin: 20px 35%!important;\r\n}\r\n\r\n@media (max-width: 1024px){\r\n\t.related-post .headline{\r\n\t\tmargin: 20px 20%!important;\r\n\t}\r\n}.related-post .post-list .item .post_thumb {\r\n      max-height: 220px;\r\n      margin: 0px 0px;\r\n      padding: 0px;\r\n      display: block;\r\n          }\r\n\r\n    .related-post .post-list .item .post_title {\r\n      font-size: 24px;\r\n      color: #005450;\r\n      margin: 10px 0px;\r\n      padding: 0px;\r\n      display: block;\r\n      text-decoration: none;\r\n      color: var(--e-global-color-primary);\r\n    font-family: var(--e-global-typography-233c6cb-font-family), Sans-serif;\r\n    font-size: var(--e-global-typography-233c6cb-font-size);\r\n    font-weight: var(--e-global-typography-233c6cb-font-weight);\r\n    line-height: var(--e-global-typography-233c6cb-line-height);\r\n    letter-spacing: var(--e-global-typography-233c6cb-letter-spacing);\r\n    word-spacing: var(--e-global-typography-233c6cb-word-spacing);    }\r\n\r\n    .related-post .post-list .item .post_excerpt {\r\n      font-size: 15px;\r\n      color: #000000;\r\n      margin: 10px 0px;\r\n      padding: 0px;\r\n      display: block;\r\n      text-decoration: none;\r\n          }\r\n\r\n    @media only screen and (min-width: 1024px) {\r\n      .related-post .post-list .item {\r\n        width: 45%;\r\n      }\r\n    }\r\n\r\n    @media only screen and (min-width: 768px) and (max-width: 1023px) {\r\n      .related-post .post-list .item {\r\n        width: 90%;\r\n      }\r\n    }\r\n\r\n    @media only screen and (min-width: 0px) and (max-width: 767px) {\r\n      .related-post .post-list .item {\r\n        width: 90%;\r\n      }\r\n    }\r\n\r\n      <\/style>\r\n    <\/div>","protected":false},"excerpt":{"rendered":"<p>By Adedeji Adeniran and Ezra Ihezie Adedeji Adeniran, Research Director, and Ezra Ihezie, Research Associate, at the Centre for the Study of African Economies (CSEA), explain why we must unlock the potential of data in a responsible and inclusive manner. In today\u2019s digital age, data has become an invaluable asset, driving innovation, growth \u2026 <a title=\"Women Deliver Conference 2023: IPAR explores ways to roll out responsible AI that supports improvements in women\u2019s health\" class=\"read-more\" href=\"https:\/\/grain-africa.org\/en\/women-deliver-conference-2023-lipar-explore-les-pistes-pour-le-deploiement-dune-ia-responsable-et-favorable-a-lamelioration-de-la-sante-des-femmes\/\" aria-label=\"Read more about the Women Deliver 2023 Conference: IPAR explores ways to roll out responsible AI that supports improvements in women\u2019s health\">Read more<\/a><\/p>\n  <div class=\"related-post grid\">\r\n        <div class=\"headline\">Similar articles<\/div>\r\n    <div class=\"post-list\">\r\n\r\n            <div class=\"item\">\r\n            <div class=\"thumb post_thumb\">\r\n    <a  title=\"Expert panel on artificial intelligence as a driver of development in Africa\" href=\"https:\/\/grain-africa.org\/en\/panel-dexperts-sur-lintelligence-artificielle-comme-levier-de-developpement-en-afrique\/?related_post_from=18658\">\r\n\r\n      <img width=\"1920\" height=\"1440\" src=\"https:\/\/grain-africa.org\/wp-content\/uploads\/2023\/05\/GRAIN.jpg\" class=\"attachment-full size-full wp-post-image\" alt=\"\" decoding=\"async\" srcset=\"https:\/\/grain-africa.org\/wp-content\/uploads\/2023\/05\/GRAIN.jpg 1920w, https:\/\/grain-africa.org\/wp-content\/uploads\/2023\/05\/GRAIN-300x225.jpg 300w, https:\/\/grain-africa.org\/wp-content\/uploads\/2023\/05\/GRAIN-1024x768.jpg 1024w, https:\/\/grain-africa.org\/wp-content\/uploads\/2023\/05\/GRAIN-768x576.jpg 768w\" sizes=\"(max-width: 1920px) 100vw, 1920px\" \/>\r\n\r\n    <\/a>\r\n  <\/div>\r\n\r\n  <a class=\"title post_title\"  title=\"Expert panel on artificial intelligence as a driver of development in Africa\" href=\"https:\/\/grain-africa.org\/en\/panel-dexperts-sur-lintelligence-artificielle-comme-levier-de-developpement-en-afrique\/?related_post_from=18658\">\r\n        Expert panel on artificial intelligence as a driver of development in Africa  <\/a>\r\n\r\n  <p class=\"excerpt post_excerpt\">\r\n    On Monday 15 May 2023, IPAR took part in an \"expert panel on artificial intelligence as a driver of development\u201d in Saly <a class=\"read-more\" href=\"https:\/\/grain-africa.org\/en\/panel-dexperts-sur-lintelligence-artificielle-comme-levier-de-developpement-en-afrique\/?related_post_from=18658\"> Read more<\/a>  <\/p>\r\n        <\/div>\r\n              <div class=\"item\">\r\n            <div class=\"thumb post_thumb\">\r\n    <a  title=\"Implementation of the DUA project in C\u00f4te d\u2019Ivoire: A mission deployed by IPAR to provide training for enumerators\" href=\"https:\/\/grain-africa.org\/en\/mise-en-oeuvre-du-projet-dua-en-cote-divoire-une-mission-deployee-par-ipar-pour-assurer-la-formation-des-enqueteurs\/?related_post_from=18732\">\r\n\r\n      <img loading=\"lazy\" width=\"1080\" height=\"607\" src=\"https:\/\/grain-africa.org\/wp-content\/uploads\/2023\/06\/VIGNETTE-DUA-1-1.jpg\" class=\"attachment-full size-full wp-post-image\" alt=\"\" decoding=\"async\" srcset=\"https:\/\/grain-africa.org\/wp-content\/uploads\/2023\/06\/VIGNETTE-DUA-1-1.jpg 1080w, https:\/\/grain-africa.org\/wp-content\/uploads\/2023\/06\/VIGNETTE-DUA-1-1-300x169.jpg 300w, https:\/\/grain-africa.org\/wp-content\/uploads\/2023\/06\/VIGNETTE-DUA-1-1-1024x576.jpg 1024w, https:\/\/grain-africa.org\/wp-content\/uploads\/2023\/06\/VIGNETTE-DUA-1-1-768x432.jpg 768w\" sizes=\"(max-width: 1080px) 100vw, 1080px\" \/>\r\n\r\n    <\/a>\r\n  <\/div>\r\n\r\n  <a class=\"title post_title\"  title=\"Implementation of the DUA project in C\u00f4te d\u2019Ivoire: A mission deployed by IPAR to provide training for enumerators\" href=\"https:\/\/grain-africa.org\/en\/mise-en-oeuvre-du-projet-dua-en-cote-divoire-une-mission-deployee-par-ipar-pour-assurer-la-formation-des-enqueteurs\/?related_post_from=18732\">\r\n        Implementation of the DUA project in C\u00f4te d\u2019Ivoire: A mission deployed by IPAR to provide training for enumerators  <\/a>\r\n\r\n  <p class=\"excerpt post_excerpt\">\r\n    IPAR is continuing to implement the DUA project in the pilot countries. Following Senegal, Burkina (CEDRES) and <a class=\"read-more\" href=\"https:\/\/grain-africa.org\/en\/mise-en-oeuvre-du-projet-dua-en-cote-divoire-une-mission-deployee-par-ipar-pour-assurer-la-formation-des-enqueteurs\/?related_post_from=18732\"> Read more<\/a>  <\/p>\r\n        <\/div>\r\n      \r\n  <\/div>\r\n\r\n  <script>\r\n      <\/script>\r\n  <style>\r\n    .related-post {}\r\n\r\n    .related-post .post-list {\r\n      text-align: left;\r\n          }\r\n\r\n    .related-post .post-list .item {\r\n      margin: 20px;\r\n      padding: 0px;\r\n          }\r\n\r\n    .related-post .headline {\r\n      font-size: 18px !important;\r\n      color: #999999 !important;\r\n          }\r\n\r\n    .related-post .headline{\r\n\t\tfont-size: 25px!important;\r\n}\r\n.related-post .post-list .item {\r\n\tmargin: 20px 35px 20px 0;\r\n}\r\n.related-post .post-list .item{\r\n\tmargin: 20px 35px 20px 0;\r\n    box-shadow: 0 0 10px 0 rgba(0,0,0,.15);\r\n    border-radius: 8px;\r\n}\r\n.related-post .post-list .item .post_title, .related-post .post-list .item p{\r\n\tpadding: 20px!important\r\n}\r\n.related-post .post-list .item .post_title{\r\n\t\tpadding-bottom: 0!important\r\n}\r\n.related-post .headline{\r\n\tcolor: var(--e-global-color-primary)!important;\r\n}\r\n.related-post .headline{\r\n\tmargin: 20px 35%!important;\r\n}\r\n\r\n@media (max-width: 1024px){\r\n\t.related-post .headline{\r\n\t\tmargin: 20px 20%!important;\r\n\t}\r\n}.related-post .post-list .item .post_thumb {\r\n      max-height: 220px;\r\n      margin: 0px 0px;\r\n      padding: 0px;\r\n      display: block;\r\n          }\r\n\r\n    .related-post .post-list .item .post_title {\r\n      font-size: 24px;\r\n      color: #005450;\r\n      margin: 10px 0px;\r\n      padding: 0px;\r\n      display: block;\r\n      text-decoration: none;\r\n      color: var(--e-global-color-primary);\r\n    font-family: var(--e-global-typography-233c6cb-font-family), Sans-serif;\r\n    font-size: var(--e-global-typography-233c6cb-font-size);\r\n    font-weight: var(--e-global-typography-233c6cb-font-weight);\r\n    line-height: var(--e-global-typography-233c6cb-line-height);\r\n    letter-spacing: var(--e-global-typography-233c6cb-letter-spacing);\r\n    word-spacing: var(--e-global-typography-233c6cb-word-spacing);    }\r\n\r\n    .related-post .post-list .item .post_excerpt {\r\n      font-size: 15px;\r\n      color: #000000;\r\n      margin: 10px 0px;\r\n      padding: 0px;\r\n      display: block;\r\n      text-decoration: none;\r\n          }\r\n\r\n    @media only screen and (min-width: 1024px) {\r\n      .related-post .post-list .item {\r\n        width: 45%;\r\n      }\r\n    }\r\n\r\n    @media only screen and (min-width: 768px) and (max-width: 1023px) {\r\n      .related-post .post-list .item {\r\n        width: 90%;\r\n      }\r\n    }\r\n\r\n    @media only screen and (min-width: 0px) and (max-width: 767px) {\r\n      .related-post .post-list .item {\r\n        width: 90%;\r\n      }\r\n    }\r\n\r\n      <\/style>\r\n    <\/div>","protected":false},"author":1,"featured_media":18966,"comment_status":"open","ping_status":"closed","sticky":false,"template":"","format":"standard","meta":{"footnotes":"","_members_access_role":[],"_members_access_error":""},"categories":[10],"tags":[16,41],"class_list":["post-18965","post","type-post","status-publish","format-standard","has-post-thumbnail","hentry","category-actualites-grain","tag-afrique","tag-donnees"],"yoast_head":"<!-- This site is optimized with the Yoast SEO plugin v28.1 - https:\/\/yoast.com\/product\/yoast-seo-wordpress\/ -->\n<title>Pourquoi nous devons lib\u00e9rer le potentiel des donn\u00e9es de mani\u00e8re responsable et inclusive - GRAIN<\/title>\n<meta name=\"robots\" content=\"index, follow, max-snippet:-1, max-image-preview:large, max-video-preview:-1\" \/>\n<link rel=\"canonical\" href=\"https:\/\/grain-africa.org\/en\/why-we-need-to-unlock-the-potential-of-data-in-a-responsible-and-inclusive-way\/\" \/>\n<meta property=\"og:locale\" content=\"en_GB\" \/>\n<meta property=\"og:type\" content=\"article\" \/>\n<meta property=\"og:title\" content=\"Pourquoi nous devons lib\u00e9rer le potentiel des donn\u00e9es de mani\u00e8re responsable et inclusive - GRAIN\" \/>\n<meta property=\"og:description\" content=\"Par Adedeji Adeniran et Ezra Ihezie Adedeji Adeniran, directeur de recherche, et Ezra Ihezie, associ\u00e9 de recherche, Centre d&#8217;\u00e9tude des \u00e9conomies de l&#8217;Afrique (CSEA) expliquent pourquoi nous devons lib\u00e9rer le potentiel des donn\u00e9es de mani\u00e8re responsable et inclusive. \u00c0 l\u2019\u00e8re num\u00e9rique d\u2019aujourd\u2019hui, les donn\u00e9es sont devenues un atout inestimable, moteur de l\u2019innovation, de la croissance ... Read more\" \/>\n<meta property=\"og:url\" content=\"https:\/\/grain-africa.org\/en\/why-we-need-to-unlock-the-potential-of-data-in-a-responsible-and-inclusive-way\/\" \/>\n<meta property=\"og:site_name\" content=\"GRAIN\" \/>\n<meta property=\"article:published_time\" content=\"2023-09-19T11:05:04+00:00\" \/>\n<meta property=\"og:image\" content=\"https:\/\/grain-africa.org\/wp-content\/uploads\/2023\/09\/Adedeji-Indiv-blog-4.png\" \/>\n\t<meta property=\"og:image:width\" content=\"1600\" \/>\n\t<meta property=\"og:image:height\" content=\"900\" \/>\n\t<meta property=\"og:image:type\" content=\"image\/png\" \/>\n<meta name=\"author\" content=\"Grainroot\" \/>\n<meta name=\"twitter:card\" content=\"summary_large_image\" \/>\n<meta name=\"twitter:label1\" content=\"Written by\" \/>\n\t<meta name=\"twitter:data1\" content=\"Grainroot\" \/>\n\t<meta name=\"twitter:label2\" content=\"Estimated reading time\" \/>\n\t<meta name=\"twitter:data2\" content=\"2 minutes\" \/>\n<script type=\"application\/ld+json\" class=\"yoast-schema-graph\">{\"@context\":\"https:\\\/\\\/schema.org\",\"@graph\":[{\"@type\":\"Article\",\"@id\":\"https:\\\/\\\/grain-africa.org\\\/fr\\\/pourquoi-nous-devons-liberer-le-potentiel-des-donnees-de-maniere-responsable-et-inclusive\\\/#article\",\"isPartOf\":{\"@id\":\"https:\\\/\\\/grain-africa.org\\\/fr\\\/pourquoi-nous-devons-liberer-le-potentiel-des-donnees-de-maniere-responsable-et-inclusive\\\/\"},\"author\":{\"name\":\"Grainroot\",\"@id\":\"https:\\\/\\\/grain-africa.org\\\/en\\\/#\\\/schema\\\/person\\\/68ea016a8caf5c598f52c2a90230a532\"},\"headline\":\"Pourquoi nous devons lib\u00e9rer le potentiel des donn\u00e9es de mani\u00e8re responsable et inclusive\",\"datePublished\":\"2023-09-19T11:05:04+00:00\",\"mainEntityOfPage\":{\"@id\":\"https:\\\/\\\/grain-africa.org\\\/fr\\\/pourquoi-nous-devons-liberer-le-potentiel-des-donnees-de-maniere-responsable-et-inclusive\\\/\"},\"wordCount\":415,\"commentCount\":0,\"publisher\":{\"@id\":\"https:\\\/\\\/grain-africa.org\\\/en\\\/#organization\"},\"image\":{\"@id\":\"https:\\\/\\\/grain-africa.org\\\/fr\\\/pourquoi-nous-devons-liberer-le-potentiel-des-donnees-de-maniere-responsable-et-inclusive\\\/#primaryimage\"},\"thumbnailUrl\":\"https:\\\/\\\/grain-africa.org\\\/wp-content\\\/uploads\\\/2023\\\/09\\\/Adedeji-Indiv-blog-4.png\",\"keywords\":[\"Afrique\",\"Donn\u00e9es\"],\"articleSection\":[\"Actualit\u00e9s GRAIN\"],\"inLanguage\":\"en-GB\",\"potentialAction\":[{\"@type\":\"CommentAction\",\"name\":\"Comment\",\"target\":[\"https:\\\/\\\/grain-africa.org\\\/fr\\\/pourquoi-nous-devons-liberer-le-potentiel-des-donnees-de-maniere-responsable-et-inclusive\\\/#respond\"]}]},{\"@type\":\"WebPage\",\"@id\":\"https:\\\/\\\/grain-africa.org\\\/fr\\\/pourquoi-nous-devons-liberer-le-potentiel-des-donnees-de-maniere-responsable-et-inclusive\\\/\",\"url\":\"https:\\\/\\\/grain-africa.org\\\/fr\\\/pourquoi-nous-devons-liberer-le-potentiel-des-donnees-de-maniere-responsable-et-inclusive\\\/\",\"name\":\"Pourquoi nous devons lib\u00e9rer le potentiel des donn\u00e9es de mani\u00e8re responsable et inclusive - GRAIN\",\"isPartOf\":{\"@id\":\"https:\\\/\\\/grain-africa.org\\\/en\\\/#website\"},\"primaryImageOfPage\":{\"@id\":\"https:\\\/\\\/grain-africa.org\\\/fr\\\/pourquoi-nous-devons-liberer-le-potentiel-des-donnees-de-maniere-responsable-et-inclusive\\\/#primaryimage\"},\"image\":{\"@id\":\"https:\\\/\\\/grain-africa.org\\\/fr\\\/pourquoi-nous-devons-liberer-le-potentiel-des-donnees-de-maniere-responsable-et-inclusive\\\/#primaryimage\"},\"thumbnailUrl\":\"https:\\\/\\\/grain-africa.org\\\/wp-content\\\/uploads\\\/2023\\\/09\\\/Adedeji-Indiv-blog-4.png\",\"datePublished\":\"2023-09-19T11:05:04+00:00\",\"breadcrumb\":{\"@id\":\"https:\\\/\\\/grain-africa.org\\\/fr\\\/pourquoi-nous-devons-liberer-le-potentiel-des-donnees-de-maniere-responsable-et-inclusive\\\/#breadcrumb\"},\"inLanguage\":\"en-GB\",\"potentialAction\":[{\"@type\":\"ReadAction\",\"target\":[\"https:\\\/\\\/grain-africa.org\\\/fr\\\/pourquoi-nous-devons-liberer-le-potentiel-des-donnees-de-maniere-responsable-et-inclusive\\\/\"]}]},{\"@type\":\"ImageObject\",\"inLanguage\":\"en-GB\",\"@id\":\"https:\\\/\\\/grain-africa.org\\\/fr\\\/pourquoi-nous-devons-liberer-le-potentiel-des-donnees-de-maniere-responsable-et-inclusive\\\/#primaryimage\",\"url\":\"https:\\\/\\\/grain-africa.org\\\/wp-content\\\/uploads\\\/2023\\\/09\\\/Adedeji-Indiv-blog-4.png\",\"contentUrl\":\"https:\\\/\\\/grain-africa.org\\\/wp-content\\\/uploads\\\/2023\\\/09\\\/Adedeji-Indiv-blog-4.png\",\"width\":1600,\"height\":900},{\"@type\":\"BreadcrumbList\",\"@id\":\"https:\\\/\\\/grain-africa.org\\\/fr\\\/pourquoi-nous-devons-liberer-le-potentiel-des-donnees-de-maniere-responsable-et-inclusive\\\/#breadcrumb\",\"itemListElement\":[{\"@type\":\"ListItem\",\"position\":1,\"name\":\"Accueil\",\"item\":\"https:\\\/\\\/grain-africa.org\\\/\"},{\"@type\":\"ListItem\",\"position\":2,\"name\":\"Pourquoi nous devons lib\u00e9rer le potentiel des donn\u00e9es de mani\u00e8re responsable et inclusive\"}]},{\"@type\":\"WebSite\",\"@id\":\"https:\\\/\\\/grain-africa.org\\\/en\\\/#website\",\"url\":\"https:\\\/\\\/grain-africa.org\\\/en\\\/\",\"name\":\"GRAIN\",\"description\":\"\",\"publisher\":{\"@id\":\"https:\\\/\\\/grain-africa.org\\\/en\\\/#organization\"},\"potentialAction\":[{\"@type\":\"SearchAction\",\"target\":{\"@type\":\"EntryPoint\",\"urlTemplate\":\"https:\\\/\\\/grain-africa.org\\\/en\\\/?s={search_term_string}\"},\"query-input\":{\"@type\":\"PropertyValueSpecification\",\"valueRequired\":true,\"valueName\":\"search_term_string\"}}],\"inLanguage\":\"en-GB\"},{\"@type\":\"Organization\",\"@id\":\"https:\\\/\\\/grain-africa.org\\\/en\\\/#organization\",\"name\":\"GRAIN\",\"url\":\"https:\\\/\\\/grain-africa.org\\\/en\\\/\",\"logo\":{\"@type\":\"ImageObject\",\"inLanguage\":\"en-GB\",\"@id\":\"https:\\\/\\\/grain-africa.org\\\/en\\\/#\\\/schema\\\/logo\\\/image\\\/\",\"url\":\"https:\\\/\\\/grain-africa.org\\\/wp-content\\\/uploads\\\/2020\\\/03\\\/GRAIN_newlogo_273_-removebg-preview-1.png\",\"contentUrl\":\"https:\\\/\\\/grain-africa.org\\\/wp-content\\\/uploads\\\/2020\\\/03\\\/GRAIN_newlogo_273_-removebg-preview-1.png\",\"width\":829,\"height\":297,\"caption\":\"GRAIN\"},\"image\":{\"@id\":\"https:\\\/\\\/grain-africa.org\\\/en\\\/#\\\/schema\\\/logo\\\/image\\\/\"}},{\"@type\":\"Person\",\"@id\":\"https:\\\/\\\/grain-africa.org\\\/en\\\/#\\\/schema\\\/person\\\/68ea016a8caf5c598f52c2a90230a532\",\"name\":\"Grainroot\",\"image\":{\"@type\":\"ImageObject\",\"inLanguage\":\"en-GB\",\"@id\":\"https:\\\/\\\/secure.gravatar.com\\\/avatar\\\/518e6741bedc8c13b183aa63d4c3b50dd3fbb01062a4a0b45f7f9cae23deafa6?s=96&d=mm&r=g\",\"url\":\"https:\\\/\\\/secure.gravatar.com\\\/avatar\\\/518e6741bedc8c13b183aa63d4c3b50dd3fbb01062a4a0b45f7f9cae23deafa6?s=96&d=mm&r=g\",\"contentUrl\":\"https:\\\/\\\/secure.gravatar.com\\\/avatar\\\/518e6741bedc8c13b183aa63d4c3b50dd3fbb01062a4a0b45f7f9cae23deafa6?s=96&d=mm&r=g\",\"caption\":\"Grainroot\"},\"sameAs\":[\"https:\\\/\\\/grain-africa.org\"],\"url\":\"https:\\\/\\\/grain-africa.org\\\/en\\\/author\\\/grainroot\\\/\"}]}<\/script>\n<!-- \/ Yoast SEO plugin. -->","yoast_head_json":{"title":"Why we must unlock the potential of data in a responsible and inclusive way - GRAIN","robots":{"index":"index","follow":"follow","max-snippet":"max-snippet:-1","max-image-preview":"max-image-preview:large","max-video-preview":"max-video-preview:-1"},"canonical":"https:\/\/grain-africa.org\/en\/why-we-need-to-unlock-the-potential-of-data-in-a-responsible-and-inclusive-way\/","og_locale":"en_GB","og_type":"article","og_title":"Pourquoi nous devons lib\u00e9rer le potentiel des donn\u00e9es de mani\u00e8re responsable et inclusive - GRAIN","og_description":"Par Adedeji Adeniran et Ezra Ihezie Adedeji Adeniran, directeur de recherche, et Ezra Ihezie, associ\u00e9 de recherche, Centre d&#8217;\u00e9tude des \u00e9conomies de l&#8217;Afrique (CSEA) expliquent pourquoi nous devons lib\u00e9rer le potentiel des donn\u00e9es de mani\u00e8re responsable et inclusive. \u00c0 l\u2019\u00e8re num\u00e9rique d\u2019aujourd\u2019hui, les donn\u00e9es sont devenues un atout inestimable, moteur de l\u2019innovation, de la croissance ... Read more","og_url":"https:\/\/grain-africa.org\/en\/why-we-need-to-unlock-the-potential-of-data-in-a-responsible-and-inclusive-way\/","og_site_name":"GRAIN","article_published_time":"2023-09-19T11:05:04+00:00","og_image":[{"width":1600,"height":900,"url":"https:\/\/grain-africa.org\/wp-content\/uploads\/2023\/09\/Adedeji-Indiv-blog-4.png","type":"image\/png"}],"author":"Grainroot","twitter_card":"summary_large_image","twitter_misc":{"Written by":"Grainroot","Estimated reading time":"2 minutes"},"schema":{"@context":"https:\/\/schema.org","@graph":[{"@type":"Article","@id":"https:\/\/grain-africa.org\/fr\/pourquoi-nous-devons-liberer-le-potentiel-des-donnees-de-maniere-responsable-et-inclusive\/#article","isPartOf":{"@id":"https:\/\/grain-africa.org\/fr\/pourquoi-nous-devons-liberer-le-potentiel-des-donnees-de-maniere-responsable-et-inclusive\/"},"author":{"name":"Grainroot","@id":"https:\/\/grain-africa.org\/en\/#\/schema\/person\/68ea016a8caf5c598f52c2a90230a532"},"headline":"Pourquoi nous devons lib\u00e9rer le potentiel des donn\u00e9es de mani\u00e8re responsable et inclusive","datePublished":"2023-09-19T11:05:04+00:00","mainEntityOfPage":{"@id":"https:\/\/grain-africa.org\/fr\/pourquoi-nous-devons-liberer-le-potentiel-des-donnees-de-maniere-responsable-et-inclusive\/"},"wordCount":415,"commentCount":0,"publisher":{"@id":"https:\/\/grain-africa.org\/en\/#organization"},"image":{"@id":"https:\/\/grain-africa.org\/fr\/pourquoi-nous-devons-liberer-le-potentiel-des-donnees-de-maniere-responsable-et-inclusive\/#primaryimage"},"thumbnailUrl":"https:\/\/grain-africa.org\/wp-content\/uploads\/2023\/09\/Adedeji-Indiv-blog-4.png","keywords":["Afrique","Donn\u00e9es"],"articleSection":["Actualit\u00e9s GRAIN"],"inLanguage":"en-GB","potentialAction":[{"@type":"CommentAction","name":"Comment","target":["https:\/\/grain-africa.org\/fr\/pourquoi-nous-devons-liberer-le-potentiel-des-donnees-de-maniere-responsable-et-inclusive\/#respond"]}]},{"@type":"WebPage","@id":"https:\/\/grain-africa.org\/fr\/pourquoi-nous-devons-liberer-le-potentiel-des-donnees-de-maniere-responsable-et-inclusive\/","url":"https:\/\/grain-africa.org\/fr\/pourquoi-nous-devons-liberer-le-potentiel-des-donnees-de-maniere-responsable-et-inclusive\/","name":"Why we must unlock the potential of data in a responsible and inclusive way - GRAIN","isPartOf":{"@id":"https:\/\/grain-africa.org\/en\/#website"},"primaryImageOfPage":{"@id":"https:\/\/grain-africa.org\/fr\/pourquoi-nous-devons-liberer-le-potentiel-des-donnees-de-maniere-responsable-et-inclusive\/#primaryimage"},"image":{"@id":"https:\/\/grain-africa.org\/fr\/pourquoi-nous-devons-liberer-le-potentiel-des-donnees-de-maniere-responsable-et-inclusive\/#primaryimage"},"thumbnailUrl":"https:\/\/grain-africa.org\/wp-content\/uploads\/2023\/09\/Adedeji-Indiv-blog-4.png","datePublished":"2023-09-19T11:05:04+00:00","breadcrumb":{"@id":"https:\/\/grain-africa.org\/fr\/pourquoi-nous-devons-liberer-le-potentiel-des-donnees-de-maniere-responsable-et-inclusive\/#breadcrumb"},"inLanguage":"en-GB","potentialAction":[{"@type":"ReadAction","target":["https:\/\/grain-africa.org\/fr\/pourquoi-nous-devons-liberer-le-potentiel-des-donnees-de-maniere-responsable-et-inclusive\/"]}]},{"@type":"ImageObject","inLanguage":"en-GB","@id":"https:\/\/grain-africa.org\/fr\/pourquoi-nous-devons-liberer-le-potentiel-des-donnees-de-maniere-responsable-et-inclusive\/#primaryimage","url":"https:\/\/grain-africa.org\/wp-content\/uploads\/2023\/09\/Adedeji-Indiv-blog-4.png","contentUrl":"https:\/\/grain-africa.org\/wp-content\/uploads\/2023\/09\/Adedeji-Indiv-blog-4.png","width":1600,"height":900},{"@type":"BreadcrumbList","@id":"https:\/\/grain-africa.org\/fr\/pourquoi-nous-devons-liberer-le-potentiel-des-donnees-de-maniere-responsable-et-inclusive\/#breadcrumb","itemListElement":[{"@type":"ListItem","position":1,"name":"Accueil","item":"https:\/\/grain-africa.org\/"},{"@type":"ListItem","position":2,"name":"Pourquoi nous devons lib\u00e9rer le potentiel des donn\u00e9es de mani\u00e8re responsable et inclusive"}]},{"@type":"WebSite","@id":"https:\/\/grain-africa.org\/en\/#website","url":"https:\/\/grain-africa.org\/en\/","name":"GRAIN","description":"","publisher":{"@id":"https:\/\/grain-africa.org\/en\/#organization"},"potentialAction":[{"@type":"SearchAction","target":{"@type":"EntryPoint","urlTemplate":"https:\/\/grain-africa.org\/en\/?s={search_term_string}"},"query-input":{"@type":"PropertyValueSpecification","valueRequired":true,"valueName":"search_term_string"}}],"inLanguage":"en-GB"},{"@type":"Organization","@id":"https:\/\/grain-africa.org\/en\/#organization","name":"GRAIN","url":"https:\/\/grain-africa.org\/en\/","logo":{"@type":"ImageObject","inLanguage":"en-GB","@id":"https:\/\/grain-africa.org\/en\/#\/schema\/logo\/image\/","url":"https:\/\/grain-africa.org\/wp-content\/uploads\/2020\/03\/GRAIN_newlogo_273_-removebg-preview-1.png","contentUrl":"https:\/\/grain-africa.org\/wp-content\/uploads\/2020\/03\/GRAIN_newlogo_273_-removebg-preview-1.png","width":829,"height":297,"caption":"GRAIN"},"image":{"@id":"https:\/\/grain-africa.org\/en\/#\/schema\/logo\/image\/"}},{"@type":"Person","@id":"https:\/\/grain-africa.org\/en\/#\/schema\/person\/68ea016a8caf5c598f52c2a90230a532","name":"Grainroot","image":{"@type":"ImageObject","inLanguage":"en-GB","@id":"https:\/\/secure.gravatar.com\/avatar\/518e6741bedc8c13b183aa63d4c3b50dd3fbb01062a4a0b45f7f9cae23deafa6?s=96&d=mm&r=g","url":"https:\/\/secure.gravatar.com\/avatar\/518e6741bedc8c13b183aa63d4c3b50dd3fbb01062a4a0b45f7f9cae23deafa6?s=96&d=mm&r=g","contentUrl":"https:\/\/secure.gravatar.com\/avatar\/518e6741bedc8c13b183aa63d4c3b50dd3fbb01062a4a0b45f7f9cae23deafa6?s=96&d=mm&r=g","caption":"Grainroot"},"sameAs":["https:\/\/grain-africa.org"],"url":"https:\/\/grain-africa.org\/en\/author\/grainroot\/"}]}},"_links":{"self":[{"href":"https:\/\/grain-africa.org\/en\/wp-json\/wp\/v2\/posts\/18965","targetHints":{"allow":["GET"]}}],"collection":[{"href":"https:\/\/grain-africa.org\/en\/wp-json\/wp\/v2\/posts"}],"about":[{"href":"https:\/\/grain-africa.org\/en\/wp-json\/wp\/v2\/types\/post"}],"author":[{"embeddable":true,"href":"https:\/\/grain-africa.org\/en\/wp-json\/wp\/v2\/users\/1"}],"replies":[{"embeddable":true,"href":"https:\/\/grain-africa.org\/en\/wp-json\/wp\/v2\/comments?post=18965"}],"version-history":[{"count":0,"href":"https:\/\/grain-africa.org\/en\/wp-json\/wp\/v2\/posts\/18965\/revisions"}],"wp:featuredmedia":[{"embeddable":true,"href":"https:\/\/grain-africa.org\/en\/wp-json\/wp\/v2\/media\/18966"}],"wp:attachment":[{"href":"https:\/\/grain-africa.org\/en\/wp-json\/wp\/v2\/media?parent=18965"}],"wp:term":[{"taxonomy":"category","embeddable":true,"href":"https:\/\/grain-africa.org\/en\/wp-json\/wp\/v2\/categories?post=18965"},{"taxonomy":"post_tag","embeddable":true,"href":"https:\/\/grain-africa.org\/en\/wp-json\/wp\/v2\/tags?post=18965"}],"curies":[{"name":"wp","href":"https:\/\/api.w.org\/{rel}","templated":true}]}}