{"id":18959,"date":"2023-09-18T16:14:18","date_gmt":"2023-09-18T14:14:18","guid":{"rendered":"https:\/\/grain-africa.org\/?p=18959"},"modified":"2023-09-18T16:14:18","modified_gmt":"2023-09-18T14:14:18","slug":"appel-a-communication-pour-la-premiere-edition-de-la-conference-internationale-sur-lintelligence-artificielle-pour-les-femmes-dans-lagriculture","status":"publish","type":"post","link":"https:\/\/grain-africa.org\/en\/call-for-papers-for-the-first-edition-of-the-international-conference-on-artificial-intelligence-for-women-in-agriculture\/","title":{"rendered":"Call for papers for the first international conference on artificial intelligence for women in agriculture"},"content":{"rendered":"<p><strong>Submission deadline: Friday 13 October 2023<\/strong><\/p>\n\n\n\n<p>The first edition of the International Conference on Artificial Intelligence for Women in Agriculture will take place from 23 - 25 October 2023 in hybrid mode at Kwara State university, Malete on the theme \"AI-enhanced Climate Smart Agriculture: Towards Empowering African Women Farmers\".<\/p>\n\n\n\n<p>Artificial intelligence (AI) is seen as a potential remedy to the persistent challenges facing African agriculture. The application of AI holds great promise for solving the urgent problems exacerbated by climate change in the context of African rain-fed agriculture. This potential is undeniable and can make a significant contribution to achieving the global sustainable development goals.<\/p>\n\n\n\n<p>The conference aims to bring together specialists in gender studies, AI and agriculture, representing a variety of backgrounds from industry, academia and research. Agricultural producers, organisations and NGOs focusing on agricultural technology transfer and women's development will also participate in this dynamic gathering.<\/p>\n\n\n\n<p>The event will serve as a platform for women farmers, AI experts, academics and researchers to collaborate, exchange ideas and develop AI solutions tailored to the challenges posed by climate change on women's farming activities. The ultimate goal is to strengthen the resilience of African women farmers and effectively combat the adverse effects of climate change through improved agricultural practices.<\/p>\n\n\n\n<p>Academic papers and poster presentations proposing practical recommendations and workable solutions are invited in the sub-themes below:<\/p>\n\n\n\n<p><strong>Sub-themes:<\/strong><\/p>\n\n\n\n<p>1- Paradigm shift in women farmers' management of climate shocks.<\/p>\n\n\n\n<p>2- Integrating the gender dimension into the application of AI to climate-smart agriculture.<\/p>\n\n\n\n<p>3- Applying AI innovation to predictive agriculture.<\/p>\n\n\n\n<p>4- AI systems for climate change forecasting.<\/p>\n\n\n\n<p>5- Application of AI for weather analysis and forecasting.<\/p>\n\n\n\n<p>6- Analysis of AGRIDATA: Exploiting AI tools for intelligent and sustainable agriculture.<\/p>\n\n\n\n<p>7. AI tools for weather forecasting.<\/p>\n\n\n\n<p>8- Early warning systems in agriculture.<\/p>\n\n\n\n<p>9- Climate-smart agriculture and building resilience for African women farmers.<\/p>\n\n\n\n<p>10- AI-driven climate adaptation\/resilience strategies for African women farmers<\/p>\n\n\n\n<p><strong>Keynote speaker:<\/strong> Prof. Olanike Deji; Department of Agricultural Extension and Rural Development, Obafemi Awolowo University, Ile-Ife<\/p>\n\n\n\n<p><strong>Presentation of the main documents by:<\/strong><\/p>\n\n\n\n<p>Olayemi Mikail Olaniyi - Department of Computer Engineering, Federal University of Technology.<\/p>\n\n\n\n<p>Chinwoke Clara Ifeanyi-Obi - Department of Agricultural Extension and Development Studies, University of Port Harcourt, Rivers State.<\/p>\n\n\n\n<p>Abdulwaheed Musa - Department of Electrical and Computer Engineering, Kwara State University.<\/p>\n\n\n\n<p>Dr. Sidiqat Abdulwahab-Aderinoye - Department of Agricultural Extension and Rural Development, University of Ilorin.<\/p>\n\n\n\n<p>Toyin Samuel Olowogbon - Centre for Sustainable Agricultural Empowerment, Nigeria.<\/p>\n\n\n\n<p><strong>* Submission of papers for the conference<\/strong><\/p>\n\n\n\n<p>The conference programme committee invites authors to submit poster presentations or full papers\/work in progress in one of the areas listed in the sub-themes. Papers should be submitted to ai4wia.grain@gmail.com. They should be in APA format, 12 Times New Roman characters, with normal margins.<\/p>\n\n\n\n<p>Papers presented at the conference will be considered for publication in the next volume of the Technoscience Journal for Community Development in Africa, published jointly by the Faculties of Agriculture, Engineering, Information and Communication Technology and Pure and Applied Sciences of Kwara State University, Nigeria.<\/p>\n\n\n\n<p>* Important dates<\/p>\n\n\n\n<p><a><strong>Deadline for submission of articles: Friday 13 October 2023<\/strong><\/a><\/p>\n\n\n\n<p><strong>Notification of acceptance: Tuesday 17 October 2023<\/strong><\/p>\n\n\n\n<p><strong>Arrival: 23 October 2023<\/strong><\/p>\n\n\n\n<p><strong>Opening ceremony: 24 October 2023<\/strong><\/p>\n\n\n<div class=\"wp-block-image\">\n<figure class=\"aligncenter size-full\"><img fetchpriority=\"high\" decoding=\"async\" width=\"683\" height=\"1024\" src=\"http:\/\/grain-africa.org\/wp-content\/uploads\/2023\/09\/AI4WIA_Conference-flyer-1-1.jpg\" alt=\"\" class=\"wp-image-18960\" srcset=\"https:\/\/grain-africa.org\/wp-content\/uploads\/2023\/09\/AI4WIA_Conference-flyer-1-1.jpg 683w, https:\/\/grain-africa.org\/wp-content\/uploads\/2023\/09\/AI4WIA_Conference-flyer-1-1-200x300.jpg 200w\" sizes=\"(max-width: 683px) 100vw, 683px\" \/><\/figure>\n<\/div>  <div class=\"related-post grid\">\r\n        <div class=\"headline\">Similar articles<\/div>\r\n    <div class=\"post-list\">\r\n\r\n            <div class=\"item\">\r\n            <div class=\"thumb post_thumb\">\r\n    <a  title=\"STEM AND EDUCATION: IDENTIFYING GENDER GAPS\" href=\"https:\/\/grain-africa.org\/en\/stem-and-education-looking-for-gender-gaps\/?related_post_from=579\">\r\n\r\n              <img decoding=\"async\" src=\"http:\/\/grain-africa.org\/wp-content\/uploads\/2020\/03\/GRAIN_newlogo_273_-removebg-preview-1.png\" title=\"STEM AND EDUCATION: IDENTIFYING GENDER GAPS\" alt=\"STEM AND EDUCATION: IDENTIFYING GENDER GAPS\">\r\n\r\n      \r\n\r\n    <\/a>\r\n  <\/div>\r\n\r\n  <a class=\"title post_title\"  title=\"STEM AND EDUCATION: IDENTIFYING GENDER GAPS\" href=\"https:\/\/grain-africa.org\/en\/stem-and-education-looking-for-gender-gaps\/?related_post_from=579\">\r\n        STEM AND EDUCATION: IDENTIFYING GENDER GAPS  <\/a>\r\n\r\n  <p class=\"excerpt post_excerpt\">\r\n    Not that long ago, people lived and functioned in tight communities. Every vendor knew their customers personally and could make...  <\/p>\r\n        <\/div>\r\n              <div class=\"item\">\r\n            <div class=\"thumb post_thumb\">\r\n    <a  title=\"AI and economic empowerment of women in agriculture\" href=\"https:\/\/grain-africa.org\/en\/ai-and-the-economic-empowerment-of-women-in-agriculture\/?related_post_from=2864\">\r\n\r\n      <img decoding=\"async\" width=\"911\" height=\"516\" src=\"https:\/\/grain-africa.org\/wp-content\/uploads\/2020\/02\/ldjlkhvlvdl-1.jpg\" class=\"attachment-full size-full wp-post-image\" alt=\"\" srcset=\"https:\/\/grain-africa.org\/wp-content\/uploads\/2020\/02\/ldjlkhvlvdl-1.jpg 911w, https:\/\/grain-africa.org\/wp-content\/uploads\/2020\/02\/ldjlkhvlvdl-1-300x170.jpg 300w, https:\/\/grain-africa.org\/wp-content\/uploads\/2020\/02\/ldjlkhvlvdl-1-768x435.jpg 768w\" sizes=\"(max-width: 911px) 100vw, 911px\" \/>\r\n\r\n    <\/a>\r\n  <\/div>\r\n\r\n  <a class=\"title post_title\"  title=\"AI and economic empowerment of women in agriculture\" href=\"https:\/\/grain-africa.org\/en\/ai-and-the-economic-empowerment-of-women-in-agriculture\/?related_post_from=2864\">\r\n        AI and economic empowerment of women in agriculture  <\/a>\r\n\r\n  <p class=\"excerpt post_excerpt\">\r\n    This Machine Learning Glossary aims to briefly introduce the most important Machine Learning terms - both for the commercially and...  <\/p>\r\n        <\/div>\r\n      \r\n  <\/div>\r\n\r\n  <script>\r\n      <\/script>\r\n  <style>\r\n    .related-post {}\r\n\r\n    .related-post .post-list {\r\n      text-align: left;\r\n          }\r\n\r\n    .related-post .post-list .item {\r\n      margin: 20px;\r\n      padding: 0px;\r\n          }\r\n\r\n    .related-post .headline {\r\n      font-size: 18px !important;\r\n      color: #999999 !important;\r\n          }\r\n\r\n    .related-post .headline{\r\n\t\tfont-size: 25px!important;\r\n}\r\n.related-post .post-list .item {\r\n\tmargin: 20px 35px 20px 0;\r\n}\r\n.related-post .post-list .item{\r\n\tmargin: 20px 35px 20px 0;\r\n    box-shadow: 0 0 10px 0 rgba(0,0,0,.15);\r\n    border-radius: 8px;\r\n}\r\n.related-post .post-list .item .post_title, .related-post .post-list .item p{\r\n\tpadding: 20px!important\r\n}\r\n.related-post .post-list .item .post_title{\r\n\t\tpadding-bottom: 0!important\r\n}\r\n.related-post .headline{\r\n\tcolor: var(--e-global-color-primary)!important;\r\n}\r\n.related-post .headline{\r\n\tmargin: 20px 35%!important;\r\n}\r\n\r\n@media (max-width: 1024px){\r\n\t.related-post .headline{\r\n\t\tmargin: 20px 20%!important;\r\n\t}\r\n}.related-post .post-list .item .post_thumb {\r\n      max-height: 220px;\r\n      margin: 0px 0px;\r\n      padding: 0px;\r\n      display: block;\r\n          }\r\n\r\n    .related-post .post-list .item .post_title {\r\n      font-size: 24px;\r\n      color: #005450;\r\n      margin: 10px 0px;\r\n      padding: 0px;\r\n      display: block;\r\n      text-decoration: none;\r\n      color: var(--e-global-color-primary);\r\n    font-family: var(--e-global-typography-233c6cb-font-family), Sans-serif;\r\n    font-size: var(--e-global-typography-233c6cb-font-size);\r\n    font-weight: var(--e-global-typography-233c6cb-font-weight);\r\n    line-height: var(--e-global-typography-233c6cb-line-height);\r\n    letter-spacing: var(--e-global-typography-233c6cb-letter-spacing);\r\n    word-spacing: var(--e-global-typography-233c6cb-word-spacing);    }\r\n\r\n    .related-post .post-list .item .post_excerpt {\r\n      font-size: 15px;\r\n      color: #000000;\r\n      margin: 10px 0px;\r\n      padding: 0px;\r\n      display: block;\r\n      text-decoration: none;\r\n          }\r\n\r\n    @media only screen and (min-width: 1024px) {\r\n      .related-post .post-list .item {\r\n        width: 45%;\r\n      }\r\n    }\r\n\r\n    @media only screen and (min-width: 768px) and (max-width: 1023px) {\r\n      .related-post .post-list .item {\r\n        width: 90%;\r\n      }\r\n    }\r\n\r\n    @media only screen and (min-width: 0px) and (max-width: 767px) {\r\n      .related-post .post-list .item {\r\n        width: 90%;\r\n      }\r\n    }\r\n\r\n      <\/style>\r\n    <\/div>","protected":false},"excerpt":{"rendered":"<p>Submission deadline: Friday 13 October 2023 The first edition of the International Conference on Artificial Intelligence for Women in Agriculture will take place from 23 - 25 October 2023 in hybrid mode at Kwara State university, Malete on the theme \"AI-enhanced Climate Smart Agriculture: Towards Women's Empowerment\"... <a title=\"AI and economic empowerment of women in agriculture\" class=\"read-more\" href=\"https:\/\/grain-africa.org\/en\/ai-and-the-economic-empowerment-of-women-in-agriculture\/\" aria-label=\"Read more about AI and the economic empowerment of women in agriculture\">Read more<\/a><\/p>\n  <div class=\"related-post grid\">\r\n        <div class=\"headline\">Similar articles<\/div>\r\n    <div class=\"post-list\">\r\n\r\n            <div class=\"item\">\r\n            <div class=\"thumb post_thumb\">\r\n    <a  title=\"STEM AND EDUCATION: IDENTIFYING GENDER GAPS\" href=\"https:\/\/grain-africa.org\/en\/stem-and-education-looking-for-gender-gaps\/?related_post_from=579\">\r\n\r\n              <img decoding=\"async\" src=\"http:\/\/grain-africa.org\/wp-content\/uploads\/2020\/03\/GRAIN_newlogo_273_-removebg-preview-1.png\" title=\"STEM AND EDUCATION: IDENTIFYING GENDER GAPS\" alt=\"STEM AND EDUCATION: IDENTIFYING GENDER GAPS\">\r\n\r\n      \r\n\r\n    <\/a>\r\n  <\/div>\r\n\r\n  <a class=\"title post_title\"  title=\"STEM AND EDUCATION: IDENTIFYING GENDER GAPS\" href=\"https:\/\/grain-africa.org\/en\/stem-and-education-looking-for-gender-gaps\/?related_post_from=579\">\r\n        STEM AND EDUCATION: IDENTIFYING GENDER GAPS  <\/a>\r\n\r\n  <p class=\"excerpt post_excerpt\">\r\n    Not that long ago, people lived and functioned in tight communities. Every vendor knew their customers personally and could make...  <\/p>\r\n        <\/div>\r\n              <div class=\"item\">\r\n            <div class=\"thumb post_thumb\">\r\n    <a  title=\"sexual-violence-as-political-instrument-during-elections-in-kenya\" href=\"https:\/\/grain-africa.org\/en\/the-violence-sexual-as-instrument-policy-during-the-elections-in-kenya-2\/?related_post_from=577\">\r\n\r\n              <img decoding=\"async\" src=\"http:\/\/grain-africa.org\/wp-content\/uploads\/2020\/03\/GRAIN_newlogo_273_-removebg-preview-1.png\" title=\"sexual-violence-as-political-instrument-during-elections-in-kenya\" alt=\"sexual-violence-as-political-instrument-during-elections-in-kenya\">\r\n\r\n      \r\n\r\n    <\/a>\r\n  <\/div>\r\n\r\n  <a class=\"title post_title\"  title=\"sexual-violence-as-political-instrument-during-elections-in-kenya\" href=\"https:\/\/grain-africa.org\/en\/the-violence-sexual-as-instrument-policy-during-the-elections-in-kenya-2\/?related_post_from=577\">\r\n        sexual-violence-as-political-instrument-during-elections-in-kenya  <\/a>\r\n\r\n  <p class=\"excerpt post_excerpt\">\r\n    This Machine Learning Glossary aims to briefly introduce the most important Machine Learning terms - both for the commercially and...  <\/p>\r\n        <\/div>\r\n      \r\n  <\/div>\r\n\r\n  <script>\r\n      <\/script>\r\n  <style>\r\n    .related-post {}\r\n\r\n    .related-post .post-list {\r\n      text-align: left;\r\n          }\r\n\r\n    .related-post .post-list .item {\r\n      margin: 20px;\r\n      padding: 0px;\r\n          }\r\n\r\n    .related-post .headline {\r\n      font-size: 18px !important;\r\n      color: #999999 !important;\r\n          }\r\n\r\n    .related-post .headline{\r\n\t\tfont-size: 25px!important;\r\n}\r\n.related-post .post-list .item {\r\n\tmargin: 20px 35px 20px 0;\r\n}\r\n.related-post .post-list .item{\r\n\tmargin: 20px 35px 20px 0;\r\n    box-shadow: 0 0 10px 0 rgba(0,0,0,.15);\r\n    border-radius: 8px;\r\n}\r\n.related-post .post-list .item .post_title, .related-post .post-list .item p{\r\n\tpadding: 20px!important\r\n}\r\n.related-post .post-list .item .post_title{\r\n\t\tpadding-bottom: 0!important\r\n}\r\n.related-post .headline{\r\n\tcolor: var(--e-global-color-primary)!important;\r\n}\r\n.related-post .headline{\r\n\tmargin: 20px 35%!important;\r\n}\r\n\r\n@media (max-width: 1024px){\r\n\t.related-post .headline{\r\n\t\tmargin: 20px 20%!important;\r\n\t}\r\n}.related-post .post-list .item .post_thumb {\r\n      max-height: 220px;\r\n      margin: 0px 0px;\r\n      padding: 0px;\r\n      display: block;\r\n          }\r\n\r\n    .related-post .post-list .item .post_title {\r\n      font-size: 24px;\r\n      color: #005450;\r\n      margin: 10px 0px;\r\n      padding: 0px;\r\n      display: block;\r\n      text-decoration: none;\r\n      color: var(--e-global-color-primary);\r\n    font-family: var(--e-global-typography-233c6cb-font-family), Sans-serif;\r\n    font-size: var(--e-global-typography-233c6cb-font-size);\r\n    font-weight: var(--e-global-typography-233c6cb-font-weight);\r\n    line-height: var(--e-global-typography-233c6cb-line-height);\r\n    letter-spacing: var(--e-global-typography-233c6cb-letter-spacing);\r\n    word-spacing: var(--e-global-typography-233c6cb-word-spacing);    }\r\n\r\n    .related-post .post-list .item .post_excerpt {\r\n      font-size: 15px;\r\n      color: #000000;\r\n      margin: 10px 0px;\r\n      padding: 0px;\r\n      display: block;\r\n      text-decoration: none;\r\n          }\r\n\r\n    @media only screen and (min-width: 1024px) {\r\n      .related-post .post-list .item {\r\n        width: 45%;\r\n      }\r\n    }\r\n\r\n    @media only screen and (min-width: 768px) and (max-width: 1023px) {\r\n      .related-post .post-list .item {\r\n        width: 90%;\r\n      }\r\n    }\r\n\r\n    @media only screen and (min-width: 0px) and (max-width: 767px) {\r\n      .related-post .post-list .item {\r\n        width: 90%;\r\n      }\r\n    }\r\n\r\n      <\/style>\r\n    <\/div>","protected":false},"author":1,"featured_media":18962,"comment_status":"open","ping_status":"closed","sticky":false,"template":"","format":"standard","meta":{"footnotes":""},"categories":[10],"tags":[],"class_list":["post-18959","post","type-post","status-publish","format-standard","has-post-thumbnail","hentry","category-actualites-grain"],"yoast_head":"<!-- This site is optimized with the Yoast SEO plugin v22.9 - https:\/\/yoast.com\/wordpress\/plugins\/seo\/ -->\n<title>Appel \u00e0 communication pour la premi\u00e8re \u00e9dition de la conf\u00e9rence internationale sur l\u2019intelligence artificielle pour les femmes dans l\u2019agriculture - GRAIN<\/title>\n<meta name=\"robots\" content=\"index, follow, max-snippet:-1, max-image-preview:large, max-video-preview:-1\" \/>\n<link rel=\"canonical\" href=\"https:\/\/grain-africa.org\/en\/call-for-papers-for-the-first-edition-of-the-international-conference-on-artificial-intelligence-for-women-in-agriculture\/\" \/>\n<meta property=\"og:locale\" content=\"en_GB\" \/>\n<meta property=\"og:type\" content=\"article\" \/>\n<meta property=\"og:title\" content=\"Appel \u00e0 communication pour la premi\u00e8re \u00e9dition de la conf\u00e9rence internationale sur l\u2019intelligence artificielle pour les femmes dans l\u2019agriculture - GRAIN\" \/>\n<meta property=\"og:description\" content=\"Date limite de soumission: Vendredi 13 octobre 2023 La premi\u00e8re \u00e9dition de la conf\u00e9rence internationale sur intelligence artificielle pour les femmes dans l\u2019agriculture aura lieu du 23 &#8211; 25 octobre 2023 en mode hybride \u00e0 Kwara State university, Malete sur le th\u00e9me \u201c L&#8217; agriculture intelligente face au climat renforc\u00e9e par l\u2019IA: Vers l&#8217;autonomisation des ... Read more\" \/>\n<meta property=\"og:url\" content=\"https:\/\/grain-africa.org\/en\/call-for-papers-for-the-first-edition-of-the-international-conference-on-artificial-intelligence-for-women-in-agriculture\/\" \/>\n<meta property=\"og:site_name\" content=\"GRAIN\" \/>\n<meta property=\"article:published_time\" content=\"2023-09-18T14:14:18+00:00\" \/>\n<meta property=\"og:image\" content=\"https:\/\/grain-africa.org\/wp-content\/uploads\/2023\/09\/AI4WIA_Conference-flyer-1-copie-1.jpg\" \/>\n\t<meta property=\"og:image:width\" content=\"668\" \/>\n\t<meta property=\"og:image:height\" content=\"316\" \/>\n\t<meta property=\"og:image:type\" content=\"image\/jpeg\" \/>\n<meta name=\"author\" content=\"Grainroot\" \/>\n<meta name=\"twitter:card\" content=\"summary_large_image\" \/>\n<meta name=\"twitter:label1\" content=\"Written by\" \/>\n\t<meta name=\"twitter:data1\" content=\"Grainroot\" \/>\n\t<meta name=\"twitter:label2\" content=\"Estimated reading time\" \/>\n\t<meta name=\"twitter:data2\" content=\"4 minutes\" \/>\n<script type=\"application\/ld+json\" class=\"yoast-schema-graph\">{\"@context\":\"https:\/\/schema.org\",\"@graph\":[{\"@type\":\"Article\",\"@id\":\"https:\/\/grain-africa.org\/call-for-papers-for-the-first-edition-of-the-international-conference-on-artificial-intelligence-for-women-in-agriculture\/#article\",\"isPartOf\":{\"@id\":\"https:\/\/grain-africa.org\/call-for-papers-for-the-first-edition-of-the-international-conference-on-artificial-intelligence-for-women-in-agriculture\/\"},\"author\":{\"name\":\"Grainroot\",\"@id\":\"https:\/\/grain-africa.org\/en\/#\/schema\/person\/68ea016a8caf5c598f52c2a90230a532\"},\"headline\":\"Appel \u00e0 communication pour la premi\u00e8re \u00e9dition de la conf\u00e9rence internationale sur l\u2019intelligence artificielle pour les femmes dans l\u2019agriculture\",\"datePublished\":\"2023-09-18T14:14:18+00:00\",\"dateModified\":\"2023-09-18T14:14:18+00:00\",\"mainEntityOfPage\":{\"@id\":\"https:\/\/grain-africa.org\/call-for-papers-for-the-first-edition-of-the-international-conference-on-artificial-intelligence-for-women-in-agriculture\/\"},\"wordCount\":743,\"commentCount\":0,\"publisher\":{\"@id\":\"https:\/\/grain-africa.org\/en\/#organization\"},\"image\":{\"@id\":\"https:\/\/grain-africa.org\/call-for-papers-for-the-first-edition-of-the-international-conference-on-artificial-intelligence-for-women-in-agriculture\/#primaryimage\"},\"thumbnailUrl\":\"https:\/\/grain-africa.org\/wp-content\/uploads\/2023\/09\/AI4WIA_Conference-flyer-1-copie-1.jpg\",\"articleSection\":[\"Actualit\u00e9s GRAIN\"],\"inLanguage\":\"en-GB\",\"potentialAction\":[{\"@type\":\"CommentAction\",\"name\":\"Comment\",\"target\":[\"https:\/\/grain-africa.org\/call-for-papers-for-the-first-edition-of-the-international-conference-on-artificial-intelligence-for-women-in-agriculture\/#respond\"]}]},{\"@type\":\"WebPage\",\"@id\":\"https:\/\/grain-africa.org\/call-for-papers-for-the-first-edition-of-the-international-conference-on-artificial-intelligence-for-women-in-agriculture\/\",\"url\":\"https:\/\/grain-africa.org\/call-for-papers-for-the-first-edition-of-the-international-conference-on-artificial-intelligence-for-women-in-agriculture\/\",\"name\":\"Appel \u00e0 communication pour la premi\u00e8re \u00e9dition de la conf\u00e9rence internationale sur l\u2019intelligence artificielle pour les femmes dans l\u2019agriculture - GRAIN\",\"isPartOf\":{\"@id\":\"https:\/\/grain-africa.org\/en\/#website\"},\"primaryImageOfPage\":{\"@id\":\"https:\/\/grain-africa.org\/call-for-papers-for-the-first-edition-of-the-international-conference-on-artificial-intelligence-for-women-in-agriculture\/#primaryimage\"},\"image\":{\"@id\":\"https:\/\/grain-africa.org\/call-for-papers-for-the-first-edition-of-the-international-conference-on-artificial-intelligence-for-women-in-agriculture\/#primaryimage\"},\"thumbnailUrl\":\"https:\/\/grain-africa.org\/wp-content\/uploads\/2023\/09\/AI4WIA_Conference-flyer-1-copie-1.jpg\",\"datePublished\":\"2023-09-18T14:14:18+00:00\",\"dateModified\":\"2023-09-18T14:14:18+00:00\",\"breadcrumb\":{\"@id\":\"https:\/\/grain-africa.org\/call-for-papers-for-the-first-edition-of-the-international-conference-on-artificial-intelligence-for-women-in-agriculture\/#breadcrumb\"},\"inLanguage\":\"en-GB\",\"potentialAction\":[{\"@type\":\"ReadAction\",\"target\":[\"https:\/\/grain-africa.org\/call-for-papers-for-the-first-edition-of-the-international-conference-on-artificial-intelligence-for-women-in-agriculture\/\"]}]},{\"@type\":\"ImageObject\",\"inLanguage\":\"en-GB\",\"@id\":\"https:\/\/grain-africa.org\/call-for-papers-for-the-first-edition-of-the-international-conference-on-artificial-intelligence-for-women-in-agriculture\/#primaryimage\",\"url\":\"https:\/\/grain-africa.org\/wp-content\/uploads\/2023\/09\/AI4WIA_Conference-flyer-1-copie-1.jpg\",\"contentUrl\":\"https:\/\/grain-africa.org\/wp-content\/uploads\/2023\/09\/AI4WIA_Conference-flyer-1-copie-1.jpg\",\"width\":668,\"height\":316},{\"@type\":\"BreadcrumbList\",\"@id\":\"https:\/\/grain-africa.org\/call-for-papers-for-the-first-edition-of-the-international-conference-on-artificial-intelligence-for-women-in-agriculture\/#breadcrumb\",\"itemListElement\":[{\"@type\":\"ListItem\",\"position\":1,\"name\":\"Accueil\",\"item\":\"https:\/\/grain-africa.org\/en\/\"},{\"@type\":\"ListItem\",\"position\":2,\"name\":\"Appel \u00e0 communication pour la premi\u00e8re \u00e9dition de la conf\u00e9rence internationale sur l\u2019intelligence artificielle pour les femmes dans l\u2019agriculture\"}]},{\"@type\":\"WebSite\",\"@id\":\"https:\/\/grain-africa.org\/en\/#website\",\"url\":\"https:\/\/grain-africa.org\/en\/\",\"name\":\"GRAIN\",\"description\":\"\",\"publisher\":{\"@id\":\"https:\/\/grain-africa.org\/en\/#organization\"},\"potentialAction\":[{\"@type\":\"SearchAction\",\"target\":{\"@type\":\"EntryPoint\",\"urlTemplate\":\"https:\/\/grain-africa.org\/en\/?s={search_term_string}\"},\"query-input\":\"required name=search_term_string\"}],\"inLanguage\":\"en-GB\"},{\"@type\":\"Organization\",\"@id\":\"https:\/\/grain-africa.org\/en\/#organization\",\"name\":\"GRAIN\",\"url\":\"https:\/\/grain-africa.org\/en\/\",\"logo\":{\"@type\":\"ImageObject\",\"inLanguage\":\"en-GB\",\"@id\":\"https:\/\/grain-africa.org\/en\/#\/schema\/logo\/image\/\",\"url\":\"https:\/\/grain-africa.org\/wp-content\/uploads\/2020\/03\/GRAIN_newlogo_273_-removebg-preview-1.png\",\"contentUrl\":\"https:\/\/grain-africa.org\/wp-content\/uploads\/2020\/03\/GRAIN_newlogo_273_-removebg-preview-1.png\",\"width\":829,\"height\":297,\"caption\":\"GRAIN\"},\"image\":{\"@id\":\"https:\/\/grain-africa.org\/en\/#\/schema\/logo\/image\/\"}},{\"@type\":\"Person\",\"@id\":\"https:\/\/grain-africa.org\/en\/#\/schema\/person\/68ea016a8caf5c598f52c2a90230a532\",\"name\":\"Grainroot\",\"image\":{\"@type\":\"ImageObject\",\"inLanguage\":\"en-GB\",\"@id\":\"https:\/\/grain-africa.org\/en\/#\/schema\/person\/image\/\",\"url\":\"https:\/\/secure.gravatar.com\/avatar\/518e6741bedc8c13b183aa63d4c3b50dd3fbb01062a4a0b45f7f9cae23deafa6?s=96&d=mm&r=g\",\"contentUrl\":\"https:\/\/secure.gravatar.com\/avatar\/518e6741bedc8c13b183aa63d4c3b50dd3fbb01062a4a0b45f7f9cae23deafa6?s=96&d=mm&r=g\",\"caption\":\"Grainroot\"},\"sameAs\":[\"https:\/\/grain-africa.org\"],\"url\":\"https:\/\/grain-africa.org\/en\/author\/grainroot\/\"}]}<\/script>\n<!-- \/ Yoast SEO plugin. -->","yoast_head_json":{"title":"Appel \u00e0 communication pour la premi\u00e8re \u00e9dition de la conf\u00e9rence internationale sur l\u2019intelligence artificielle pour les femmes dans l\u2019agriculture - GRAIN","robots":{"index":"index","follow":"follow","max-snippet":"max-snippet:-1","max-image-preview":"max-image-preview:large","max-video-preview":"max-video-preview:-1"},"canonical":"https:\/\/grain-africa.org\/en\/call-for-papers-for-the-first-edition-of-the-international-conference-on-artificial-intelligence-for-women-in-agriculture\/","og_locale":"en_GB","og_type":"article","og_title":"Appel \u00e0 communication pour la premi\u00e8re \u00e9dition de la conf\u00e9rence internationale sur l\u2019intelligence artificielle pour les femmes dans l\u2019agriculture - GRAIN","og_description":"Date limite de soumission: Vendredi 13 octobre 2023 La premi\u00e8re \u00e9dition de la conf\u00e9rence internationale sur intelligence artificielle pour les femmes dans l\u2019agriculture aura lieu du 23 &#8211; 25 octobre 2023 en mode hybride \u00e0 Kwara State university, Malete sur le th\u00e9me \u201c L&#8217; agriculture intelligente face au climat renforc\u00e9e par l\u2019IA: Vers l&#8217;autonomisation des ... Read more","og_url":"https:\/\/grain-africa.org\/en\/call-for-papers-for-the-first-edition-of-the-international-conference-on-artificial-intelligence-for-women-in-agriculture\/","og_site_name":"GRAIN","article_published_time":"2023-09-18T14:14:18+00:00","og_image":[{"width":668,"height":316,"url":"https:\/\/grain-africa.org\/wp-content\/uploads\/2023\/09\/AI4WIA_Conference-flyer-1-copie-1.jpg","type":"image\/jpeg"}],"author":"Grainroot","twitter_card":"summary_large_image","twitter_misc":{"Written by":"Grainroot","Estimated reading time":"4 minutes"},"schema":{"@context":"https:\/\/schema.org","@graph":[{"@type":"Article","@id":"https:\/\/grain-africa.org\/call-for-papers-for-the-first-edition-of-the-international-conference-on-artificial-intelligence-for-women-in-agriculture\/#article","isPartOf":{"@id":"https:\/\/grain-africa.org\/call-for-papers-for-the-first-edition-of-the-international-conference-on-artificial-intelligence-for-women-in-agriculture\/"},"author":{"name":"Grainroot","@id":"https:\/\/grain-africa.org\/en\/#\/schema\/person\/68ea016a8caf5c598f52c2a90230a532"},"headline":"Appel \u00e0 communication pour la premi\u00e8re \u00e9dition de la conf\u00e9rence internationale sur l\u2019intelligence artificielle pour les femmes dans l\u2019agriculture","datePublished":"2023-09-18T14:14:18+00:00","dateModified":"2023-09-18T14:14:18+00:00","mainEntityOfPage":{"@id":"https:\/\/grain-africa.org\/call-for-papers-for-the-first-edition-of-the-international-conference-on-artificial-intelligence-for-women-in-agriculture\/"},"wordCount":743,"commentCount":0,"publisher":{"@id":"https:\/\/grain-africa.org\/en\/#organization"},"image":{"@id":"https:\/\/grain-africa.org\/call-for-papers-for-the-first-edition-of-the-international-conference-on-artificial-intelligence-for-women-in-agriculture\/#primaryimage"},"thumbnailUrl":"https:\/\/grain-africa.org\/wp-content\/uploads\/2023\/09\/AI4WIA_Conference-flyer-1-copie-1.jpg","articleSection":["Actualit\u00e9s GRAIN"],"inLanguage":"en-GB","potentialAction":[{"@type":"CommentAction","name":"Comment","target":["https:\/\/grain-africa.org\/call-for-papers-for-the-first-edition-of-the-international-conference-on-artificial-intelligence-for-women-in-agriculture\/#respond"]}]},{"@type":"WebPage","@id":"https:\/\/grain-africa.org\/call-for-papers-for-the-first-edition-of-the-international-conference-on-artificial-intelligence-for-women-in-agriculture\/","url":"https:\/\/grain-africa.org\/call-for-papers-for-the-first-edition-of-the-international-conference-on-artificial-intelligence-for-women-in-agriculture\/","name":"Appel \u00e0 communication pour la premi\u00e8re \u00e9dition de la conf\u00e9rence internationale sur l\u2019intelligence artificielle pour les femmes dans l\u2019agriculture - GRAIN","isPartOf":{"@id":"https:\/\/grain-africa.org\/en\/#website"},"primaryImageOfPage":{"@id":"https:\/\/grain-africa.org\/call-for-papers-for-the-first-edition-of-the-international-conference-on-artificial-intelligence-for-women-in-agriculture\/#primaryimage"},"image":{"@id":"https:\/\/grain-africa.org\/call-for-papers-for-the-first-edition-of-the-international-conference-on-artificial-intelligence-for-women-in-agriculture\/#primaryimage"},"thumbnailUrl":"https:\/\/grain-africa.org\/wp-content\/uploads\/2023\/09\/AI4WIA_Conference-flyer-1-copie-1.jpg","datePublished":"2023-09-18T14:14:18+00:00","dateModified":"2023-09-18T14:14:18+00:00","breadcrumb":{"@id":"https:\/\/grain-africa.org\/call-for-papers-for-the-first-edition-of-the-international-conference-on-artificial-intelligence-for-women-in-agriculture\/#breadcrumb"},"inLanguage":"en-GB","potentialAction":[{"@type":"ReadAction","target":["https:\/\/grain-africa.org\/call-for-papers-for-the-first-edition-of-the-international-conference-on-artificial-intelligence-for-women-in-agriculture\/"]}]},{"@type":"ImageObject","inLanguage":"en-GB","@id":"https:\/\/grain-africa.org\/call-for-papers-for-the-first-edition-of-the-international-conference-on-artificial-intelligence-for-women-in-agriculture\/#primaryimage","url":"https:\/\/grain-africa.org\/wp-content\/uploads\/2023\/09\/AI4WIA_Conference-flyer-1-copie-1.jpg","contentUrl":"https:\/\/grain-africa.org\/wp-content\/uploads\/2023\/09\/AI4WIA_Conference-flyer-1-copie-1.jpg","width":668,"height":316},{"@type":"BreadcrumbList","@id":"https:\/\/grain-africa.org\/call-for-papers-for-the-first-edition-of-the-international-conference-on-artificial-intelligence-for-women-in-agriculture\/#breadcrumb","itemListElement":[{"@type":"ListItem","position":1,"name":"Accueil","item":"https:\/\/grain-africa.org\/en\/"},{"@type":"ListItem","position":2,"name":"Appel \u00e0 communication pour la premi\u00e8re \u00e9dition de la conf\u00e9rence internationale sur l\u2019intelligence artificielle pour les femmes dans l\u2019agriculture"}]},{"@type":"WebSite","@id":"https:\/\/grain-africa.org\/en\/#website","url":"https:\/\/grain-africa.org\/en\/","name":"GRAIN","description":"","publisher":{"@id":"https:\/\/grain-africa.org\/en\/#organization"},"potentialAction":[{"@type":"SearchAction","target":{"@type":"EntryPoint","urlTemplate":"https:\/\/grain-africa.org\/en\/?s={search_term_string}"},"query-input":"required name=search_term_string"}],"inLanguage":"en-GB"},{"@type":"Organization","@id":"https:\/\/grain-africa.org\/en\/#organization","name":"GRAIN","url":"https:\/\/grain-africa.org\/en\/","logo":{"@type":"ImageObject","inLanguage":"en-GB","@id":"https:\/\/grain-africa.org\/en\/#\/schema\/logo\/image\/","url":"https:\/\/grain-africa.org\/wp-content\/uploads\/2020\/03\/GRAIN_newlogo_273_-removebg-preview-1.png","contentUrl":"https:\/\/grain-africa.org\/wp-content\/uploads\/2020\/03\/GRAIN_newlogo_273_-removebg-preview-1.png","width":829,"height":297,"caption":"GRAIN"},"image":{"@id":"https:\/\/grain-africa.org\/en\/#\/schema\/logo\/image\/"}},{"@type":"Person","@id":"https:\/\/grain-africa.org\/en\/#\/schema\/person\/68ea016a8caf5c598f52c2a90230a532","name":"Grainroot","image":{"@type":"ImageObject","inLanguage":"en-GB","@id":"https:\/\/grain-africa.org\/en\/#\/schema\/person\/image\/","url":"https:\/\/secure.gravatar.com\/avatar\/518e6741bedc8c13b183aa63d4c3b50dd3fbb01062a4a0b45f7f9cae23deafa6?s=96&d=mm&r=g","contentUrl":"https:\/\/secure.gravatar.com\/avatar\/518e6741bedc8c13b183aa63d4c3b50dd3fbb01062a4a0b45f7f9cae23deafa6?s=96&d=mm&r=g","caption":"Grainroot"},"sameAs":["https:\/\/grain-africa.org"],"url":"https:\/\/grain-africa.org\/en\/author\/grainroot\/"}]}},"_links":{"self":[{"href":"https:\/\/grain-africa.org\/en\/wp-json\/wp\/v2\/posts\/18959","targetHints":{"allow":["GET"]}}],"collection":[{"href":"https:\/\/grain-africa.org\/en\/wp-json\/wp\/v2\/posts"}],"about":[{"href":"https:\/\/grain-africa.org\/en\/wp-json\/wp\/v2\/types\/post"}],"author":[{"embeddable":true,"href":"https:\/\/grain-africa.org\/en\/wp-json\/wp\/v2\/users\/1"}],"replies":[{"embeddable":true,"href":"https:\/\/grain-africa.org\/en\/wp-json\/wp\/v2\/comments?post=18959"}],"version-history":[{"count":0,"href":"https:\/\/grain-africa.org\/en\/wp-json\/wp\/v2\/posts\/18959\/revisions"}],"wp:featuredmedia":[{"embeddable":true,"href":"https:\/\/grain-africa.org\/en\/wp-json\/wp\/v2\/media\/18962"}],"wp:attachment":[{"href":"https:\/\/grain-africa.org\/en\/wp-json\/wp\/v2\/media?parent=18959"}],"wp:term":[{"taxonomy":"category","embeddable":true,"href":"https:\/\/grain-africa.org\/en\/wp-json\/wp\/v2\/categories?post=18959"},{"taxonomy":"post_tag","embeddable":true,"href":"https:\/\/grain-africa.org\/en\/wp-json\/wp\/v2\/tags?post=18959"}],"curies":[{"name":"wp","href":"https:\/\/api.w.org\/{rel}","templated":true}]}}