{"id":18880,"date":"2023-08-24T16:21:13","date_gmt":"2023-08-24T14:21:13","guid":{"rendered":"https:\/\/grain-africa.org\/?p=18880"},"modified":"2023-08-24T16:21:13","modified_gmt":"2023-08-24T14:21:13","slug":"lum6p-aims-to-empower-african-women-in-tech-and-lia","status":"publish","type":"post","link":"https:\/\/grain-africa.org\/en\/lum6p-veut-autonomiser-les-femmes-africaines-dans-la-tech-et-lia\/","title":{"rendered":"UM6P aims to empower African women in tech and AI"},"content":{"rendered":"<p class=\"wp-block-paragraph\">The Mohammed VI Polytechnic University of Morocco (UM6P) has launched an innovative summer school aimed at empowering African women in the fields of technology and artificial intelligence (AI).<\/p>\n\n\n\n<p class=\"wp-block-paragraph\">&nbsp;The \u00abAfrican Women in Tech &amp; AI\u00bb programme, a collaboration between the OCP Foundation and the UM6P AI Movement Centre, aims to equip participants with the knowledge, skills and resources needed to excel in a digitalised global economy.<\/p>\n\n\n\n<p class=\"wp-block-paragraph\">&nbsp;The programme includes an intensive training phase focusing on women\u2019s leadership, the application of AI, market research and project management. Participants will hone their skills through case studies, interactive workshops and the development of project proposals.<\/p>\n\n\n\n<p class=\"wp-block-paragraph\">The programme\u2019s first cohort comprises 34 women from diverse backgrounds across 11 African countries. These participants, who include entrepreneurs, researchers, engineers and professionals, are keen to make a positive impact on their communities.<\/p>\n\n\n\n<p class=\"wp-block-paragraph\">The first phase of the programme comprised 36 hours of online training sessions covering various AI-related topics, including the sub-fields of AI, its adoption in businesses and successful implementations in Africa.<\/p>\n\n\n\n<p class=\"wp-block-paragraph\">&nbsp;The programme aims to empower African women to drive innovation and change by providing them with a platform to lead and shape the future of technology in Africa.<\/p>\n\n\n\n<p class=\"wp-block-paragraph\"><strong>Source:<\/strong> <strong><a href=\"https:\/\/afriqueitnews.com\/tech-media\/um6p-veut-autonomiser-femmes-africaines-tech-ia\/\">https:\/\/afriqueitnews.com\/tech-media\/um6p-veut-autonomiser-femmes-africaines-tech-ia\/<\/a><\/strong><\/p>\n  <div class=\"related-post grid\">\r\n        <div class=\"headline\">Similar articles<\/div>\r\n    <div class=\"post-list\">\r\n\r\n            <div class=\"item\">\r\n            <div class=\"thumb post_thumb\">\r\n    <a  title=\"IPAR is taking part in two working groups on the development of the national strategy on Artificial Intelligence\u00a0\" href=\"https:\/\/grain-africa.org\/en\/ipar-prend-part-a-deux-groupes-de-travail-sur-lelaboration-de-la-strategie-nationale-sur-lintelligence-artificielle\/?related_post_from=18738\">\r\n\r\n      <img fetchpriority=\"high\" decoding=\"async\" width=\"1600\" height=\"1200\" src=\"https:\/\/grain-africa.org\/wp-content\/uploads\/2023\/06\/IMG-20230622-WA0167-1.jpg\" class=\"attachment-full size-full wp-post-image\" alt=\"\" srcset=\"https:\/\/grain-africa.org\/wp-content\/uploads\/2023\/06\/IMG-20230622-WA0167-1.jpg 1600w, https:\/\/grain-africa.org\/wp-content\/uploads\/2023\/06\/IMG-20230622-WA0167-1-300x225.jpg 300w, https:\/\/grain-africa.org\/wp-content\/uploads\/2023\/06\/IMG-20230622-WA0167-1-1024x768.jpg 1024w, https:\/\/grain-africa.org\/wp-content\/uploads\/2023\/06\/IMG-20230622-WA0167-1-768x576.jpg 768w, https:\/\/grain-africa.org\/wp-content\/uploads\/2023\/06\/IMG-20230622-WA0167-1-1536x1152.jpg 1536w\" sizes=\"(max-width: 1600px) 100vw, 1600px\" \/>\r\n\r\n    <\/a>\r\n  <\/div>\r\n\r\n  <a class=\"title post_title\"  title=\"IPAR is taking part in two working groups on the development of the national strategy on Artificial Intelligence\u00a0\" href=\"https:\/\/grain-africa.org\/en\/ipar-prend-part-a-deux-groupes-de-travail-sur-lelaboration-de-la-strategie-nationale-sur-lintelligence-artificielle\/?related_post_from=18738\">\r\n        IPAR is taking part in two working groups on the development of the national strategy on Artificial Intelligence\u00a0  <\/a>\r\n\r\n  <p class=\"excerpt post_excerpt\">\r\n    IPAR took part in the second workshop on the formulation of the national Artificial Intelligence strategy, which was held on 21 <a class=\"read-more\" href=\"https:\/\/grain-africa.org\/en\/ipar-prend-part-a-deux-groupes-de-travail-sur-lelaboration-de-la-strategie-nationale-sur-lintelligence-artificielle\/?related_post_from=18738\"> Read more<\/a>  <\/p>\r\n        <\/div>\r\n              <div class=\"item\">\r\n            <div class=\"thumb post_thumb\">\r\n    <a  title=\"Ipar is taking part in the national consultation workshop for young experts, key stakeholders, campaigners, researchers and professionals in AI systems\" href=\"https:\/\/grain-africa.org\/en\/ipar-prend-part-a-latelier-de-consultations-nationales-des-jeunes-experts-acteurs-cles-activistes-chercheurs-et-professionnels-des-systemes-dia\/?related_post_from=18838\">\r\n\r\n      <img decoding=\"async\" width=\"2048\" height=\"1538\" src=\"https:\/\/grain-africa.org\/wp-content\/uploads\/2023\/07\/40ef389a-b8cb-4e7e-9766-4e5dd47f8857.jpg\" class=\"attachment-full size-full wp-post-image\" alt=\"\" srcset=\"https:\/\/grain-africa.org\/wp-content\/uploads\/2023\/07\/40ef389a-b8cb-4e7e-9766-4e5dd47f8857.jpg 2048w, https:\/\/grain-africa.org\/wp-content\/uploads\/2023\/07\/40ef389a-b8cb-4e7e-9766-4e5dd47f8857-300x225.jpg 300w, https:\/\/grain-africa.org\/wp-content\/uploads\/2023\/07\/40ef389a-b8cb-4e7e-9766-4e5dd47f8857-1024x769.jpg 1024w, https:\/\/grain-africa.org\/wp-content\/uploads\/2023\/07\/40ef389a-b8cb-4e7e-9766-4e5dd47f8857-768x577.jpg 768w, https:\/\/grain-africa.org\/wp-content\/uploads\/2023\/07\/40ef389a-b8cb-4e7e-9766-4e5dd47f8857-1536x1154.jpg 1536w\" sizes=\"(max-width: 2048px) 100vw, 2048px\" \/>\r\n\r\n    <\/a>\r\n  <\/div>\r\n\r\n  <a class=\"title post_title\"  title=\"Ipar is taking part in the national consultation workshop for young experts, key stakeholders, campaigners, researchers and professionals in AI systems\" href=\"https:\/\/grain-africa.org\/en\/ipar-prend-part-a-latelier-de-consultations-nationales-des-jeunes-experts-acteurs-cles-activistes-chercheurs-et-professionnels-des-systemes-dia\/?related_post_from=18838\">\r\n        Ipar is taking part in the national consultation workshop for young experts, key stakeholders, campaigners, researchers and professionals in AI systems  <\/a>\r\n\r\n  <p class=\"excerpt post_excerpt\">\r\n    From 26 to 28 July, Ipar took part in the National Consultations workshop for young experts, key stakeholders, activists and researchers <a class=\"read-more\" href=\"https:\/\/grain-africa.org\/en\/ipar-prend-part-a-latelier-de-consultations-nationales-des-jeunes-experts-acteurs-cles-activistes-chercheurs-et-professionnels-des-systemes-dia\/?related_post_from=18838\"> Read more<\/a>  <\/p>\r\n        <\/div>\r\n      \r\n  <\/div>\r\n\r\n  <script>\r\n      <\/script>\r\n  <style>\r\n    .related-post {}\r\n\r\n    .related-post .post-list {\r\n      text-align: left;\r\n          }\r\n\r\n    .related-post .post-list .item {\r\n      margin: 20px;\r\n      padding: 0px;\r\n          }\r\n\r\n    .related-post .headline {\r\n      font-size: 18px !important;\r\n      color: #999999 !important;\r\n          }\r\n\r\n    .related-post .headline{\r\n\t\tfont-size: 25px!important;\r\n}\r\n.related-post .post-list .item {\r\n\tmargin: 20px 35px 20px 0;\r\n}\r\n.related-post .post-list .item{\r\n\tmargin: 20px 35px 20px 0;\r\n    box-shadow: 0 0 10px 0 rgba(0,0,0,.15);\r\n    border-radius: 8px;\r\n}\r\n.related-post .post-list .item .post_title, .related-post .post-list .item p{\r\n\tpadding: 20px!important\r\n}\r\n.related-post .post-list .item .post_title{\r\n\t\tpadding-bottom: 0!important\r\n}\r\n.related-post .headline{\r\n\tcolor: var(--e-global-color-primary)!important;\r\n}\r\n.related-post .headline{\r\n\tmargin: 20px 35%!important;\r\n}\r\n\r\n@media (max-width: 1024px){\r\n\t.related-post .headline{\r\n\t\tmargin: 20px 20%!important;\r\n\t}\r\n}.related-post .post-list .item .post_thumb {\r\n      max-height: 220px;\r\n      margin: 0px 0px;\r\n      padding: 0px;\r\n      display: block;\r\n          }\r\n\r\n    .related-post .post-list .item .post_title {\r\n      font-size: 24px;\r\n      color: #005450;\r\n      margin: 10px 0px;\r\n      padding: 0px;\r\n      display: block;\r\n      text-decoration: none;\r\n      color: var(--e-global-color-primary);\r\n    font-family: var(--e-global-typography-233c6cb-font-family), Sans-serif;\r\n    font-size: var(--e-global-typography-233c6cb-font-size);\r\n    font-weight: var(--e-global-typography-233c6cb-font-weight);\r\n    line-height: var(--e-global-typography-233c6cb-line-height);\r\n    letter-spacing: var(--e-global-typography-233c6cb-letter-spacing);\r\n    word-spacing: var(--e-global-typography-233c6cb-word-spacing);    }\r\n\r\n    .related-post .post-list .item .post_excerpt {\r\n      font-size: 15px;\r\n      color: #000000;\r\n      margin: 10px 0px;\r\n      padding: 0px;\r\n      display: block;\r\n      text-decoration: none;\r\n          }\r\n\r\n    @media only screen and (min-width: 1024px) {\r\n      .related-post .post-list .item {\r\n        width: 45%;\r\n      }\r\n    }\r\n\r\n    @media only screen and (min-width: 768px) and (max-width: 1023px) {\r\n      .related-post .post-list .item {\r\n        width: 90%;\r\n      }\r\n    }\r\n\r\n    @media only screen and (min-width: 0px) and (max-width: 767px) {\r\n      .related-post .post-list .item {\r\n        width: 90%;\r\n      }\r\n    }\r\n\r\n      <\/style>\r\n    <\/div>","protected":false},"excerpt":{"rendered":"<p>The Mohammed VI Polytechnic University of Morocco (UM6P) has launched an innovative summer school aimed at empowering African women in the fields of technology and artificial intelligence (AI). \u00a0The \u00abAfrican Women in Tech &amp; AI\u00bb programme, the result of a collaboration between the OCP Foundation and the AI Movement Centre at \u2026 <a title=\"Implementation of the DUA project in C\u00f4te d\u2019Ivoire: A mission deployed by IPAR to provide training for enumerators\" class=\"read-more\" href=\"https:\/\/grain-africa.org\/en\/mise-en-oeuvre-du-projet-dua-en-cote-divoire-une-mission-deployee-par-ipar-pour-assurer-la-formation-des-enqueteurs\/\" aria-label=\"Read more about the implementation of the DUA project in C\u00f4te d\u2019Ivoire: A mission organised by IPAR to provide training for enumerators\">Read more<\/a><\/p>\n  <div class=\"related-post grid\">\r\n        <div class=\"headline\">Similar articles<\/div>\r\n    <div class=\"post-list\">\r\n\r\n            <div class=\"item\">\r\n            <div class=\"thumb post_thumb\">\r\n    <a  title=\"IPAR is taking part in two working groups on the development of the national strategy on Artificial Intelligence\u00a0\" href=\"https:\/\/grain-africa.org\/en\/ipar-prend-part-a-deux-groupes-de-travail-sur-lelaboration-de-la-strategie-nationale-sur-lintelligence-artificielle\/?related_post_from=18738\">\r\n\r\n      <img width=\"1600\" height=\"1200\" src=\"https:\/\/grain-africa.org\/wp-content\/uploads\/2023\/06\/IMG-20230622-WA0167-1.jpg\" class=\"attachment-full size-full wp-post-image\" alt=\"\" decoding=\"async\" srcset=\"https:\/\/grain-africa.org\/wp-content\/uploads\/2023\/06\/IMG-20230622-WA0167-1.jpg 1600w, https:\/\/grain-africa.org\/wp-content\/uploads\/2023\/06\/IMG-20230622-WA0167-1-300x225.jpg 300w, https:\/\/grain-africa.org\/wp-content\/uploads\/2023\/06\/IMG-20230622-WA0167-1-1024x768.jpg 1024w, https:\/\/grain-africa.org\/wp-content\/uploads\/2023\/06\/IMG-20230622-WA0167-1-768x576.jpg 768w, https:\/\/grain-africa.org\/wp-content\/uploads\/2023\/06\/IMG-20230622-WA0167-1-1536x1152.jpg 1536w\" sizes=\"(max-width: 1600px) 100vw, 1600px\" \/>\r\n\r\n    <\/a>\r\n  <\/div>\r\n\r\n  <a class=\"title post_title\"  title=\"IPAR is taking part in two working groups on the development of the national strategy on Artificial Intelligence\u00a0\" href=\"https:\/\/grain-africa.org\/en\/ipar-prend-part-a-deux-groupes-de-travail-sur-lelaboration-de-la-strategie-nationale-sur-lintelligence-artificielle\/?related_post_from=18738\">\r\n        IPAR is taking part in two working groups on the development of the national strategy on Artificial Intelligence\u00a0  <\/a>\r\n\r\n  <p class=\"excerpt post_excerpt\">\r\n    IPAR took part in the second workshop on the formulation of the national Artificial Intelligence strategy, which was held on 21 <a class=\"read-more\" href=\"https:\/\/grain-africa.org\/en\/ipar-prend-part-a-deux-groupes-de-travail-sur-lelaboration-de-la-strategie-nationale-sur-lintelligence-artificielle\/?related_post_from=18738\"> Read more<\/a>  <\/p>\r\n        <\/div>\r\n              <div class=\"item\">\r\n            <div class=\"thumb post_thumb\">\r\n    <a  title=\"Women Deliver Conference 2023: IPAR explores ways to roll out responsible AI that supports improvements in women\u2019s health\" href=\"https:\/\/grain-africa.org\/en\/women-deliver-conference-2023-lipar-explore-les-pistes-pour-le-deploiement-dune-ia-responsable-et-favorable-a-lamelioration-de-la-sante-des-femmes\/?related_post_from=18835\">\r\n\r\n      <img loading=\"lazy\" width=\"750\" height=\"1000\" src=\"https:\/\/grain-africa.org\/wp-content\/uploads\/2023\/07\/laure-Tall-1-1.jpg\" class=\"attachment-full size-full wp-post-image\" alt=\"\" decoding=\"async\" srcset=\"https:\/\/grain-africa.org\/wp-content\/uploads\/2023\/07\/laure-Tall-1-1.jpg 750w, https:\/\/grain-africa.org\/wp-content\/uploads\/2023\/07\/laure-Tall-1-1-225x300.jpg 225w, https:\/\/grain-africa.org\/wp-content\/uploads\/2023\/07\/laure-Tall-1-1-300x400.jpg 300w\" sizes=\"(max-width: 750px) 100vw, 750px\" \/>\r\n\r\n    <\/a>\r\n  <\/div>\r\n\r\n  <a class=\"title post_title\"  title=\"Women Deliver Conference 2023: IPAR explores ways to roll out responsible AI that supports improvements in women\u2019s health\" href=\"https:\/\/grain-africa.org\/en\/women-deliver-conference-2023-lipar-explore-les-pistes-pour-le-deploiement-dune-ia-responsable-et-favorable-a-lamelioration-de-la-sante-des-femmes\/?related_post_from=18835\">\r\n        Women Deliver Conference 2023: IPAR explores ways to roll out responsible AI that supports improvements in women\u2019s health  <\/a>\r\n\r\n  <p class=\"excerpt post_excerpt\">\r\n    The Women Deliver Conference (WD2023) is one of the largest multi-sector gatherings aimed at advancing gender equality. Co-created <a class=\"read-more\" href=\"https:\/\/grain-africa.org\/en\/women-deliver-conference-2023-lipar-explore-les-pistes-pour-le-deploiement-dune-ia-responsable-et-favorable-a-lamelioration-de-la-sante-des-femmes\/?related_post_from=18835\"> Read more<\/a>  <\/p>\r\n        <\/div>\r\n      \r\n  <\/div>\r\n\r\n  <script>\r\n      <\/script>\r\n  <style>\r\n    .related-post {}\r\n\r\n    .related-post .post-list {\r\n      text-align: left;\r\n          }\r\n\r\n    .related-post .post-list .item {\r\n      margin: 20px;\r\n      padding: 0px;\r\n          }\r\n\r\n    .related-post .headline {\r\n      font-size: 18px !important;\r\n      color: #999999 !important;\r\n          }\r\n\r\n    .related-post .headline{\r\n\t\tfont-size: 25px!important;\r\n}\r\n.related-post .post-list .item {\r\n\tmargin: 20px 35px 20px 0;\r\n}\r\n.related-post .post-list .item{\r\n\tmargin: 20px 35px 20px 0;\r\n    box-shadow: 0 0 10px 0 rgba(0,0,0,.15);\r\n    border-radius: 8px;\r\n}\r\n.related-post .post-list .item .post_title, .related-post .post-list .item p{\r\n\tpadding: 20px!important\r\n}\r\n.related-post .post-list .item .post_title{\r\n\t\tpadding-bottom: 0!important\r\n}\r\n.related-post .headline{\r\n\tcolor: var(--e-global-color-primary)!important;\r\n}\r\n.related-post .headline{\r\n\tmargin: 20px 35%!important;\r\n}\r\n\r\n@media (max-width: 1024px){\r\n\t.related-post .headline{\r\n\t\tmargin: 20px 20%!important;\r\n\t}\r\n}.related-post .post-list .item .post_thumb {\r\n      max-height: 220px;\r\n      margin: 0px 0px;\r\n      padding: 0px;\r\n      display: block;\r\n          }\r\n\r\n    .related-post .post-list .item .post_title {\r\n      font-size: 24px;\r\n      color: #005450;\r\n      margin: 10px 0px;\r\n      padding: 0px;\r\n      display: block;\r\n      text-decoration: none;\r\n      color: var(--e-global-color-primary);\r\n    font-family: var(--e-global-typography-233c6cb-font-family), Sans-serif;\r\n    font-size: var(--e-global-typography-233c6cb-font-size);\r\n    font-weight: var(--e-global-typography-233c6cb-font-weight);\r\n    line-height: var(--e-global-typography-233c6cb-line-height);\r\n    letter-spacing: var(--e-global-typography-233c6cb-letter-spacing);\r\n    word-spacing: var(--e-global-typography-233c6cb-word-spacing);    }\r\n\r\n    .related-post .post-list .item .post_excerpt {\r\n      font-size: 15px;\r\n      color: #000000;\r\n      margin: 10px 0px;\r\n      padding: 0px;\r\n      display: block;\r\n      text-decoration: none;\r\n          }\r\n\r\n    @media only screen and (min-width: 1024px) {\r\n      .related-post .post-list .item {\r\n        width: 45%;\r\n      }\r\n    }\r\n\r\n    @media only screen and (min-width: 768px) and (max-width: 1023px) {\r\n      .related-post .post-list .item {\r\n        width: 90%;\r\n      }\r\n    }\r\n\r\n    @media only screen and (min-width: 0px) and (max-width: 767px) {\r\n      .related-post .post-list .item {\r\n        width: 90%;\r\n      }\r\n    }\r\n\r\n      <\/style>\r\n    <\/div>","protected":false},"author":1,"featured_media":18883,"comment_status":"open","ping_status":"closed","sticky":false,"template":"","format":"standard","meta":{"footnotes":"","_members_access_role":[],"_members_access_error":""},"categories":[10],"tags":[24,36,37],"class_list":["post-18880","post","type-post","status-publish","format-standard","has-post-thumbnail","hentry","category-actualites-grain","tag-ia","tag-tech","tag-um6p"],"yoast_head":"<!-- This site is optimized with the Yoast SEO plugin v28.1 - https:\/\/yoast.com\/product\/yoast-seo-wordpress\/ -->\n<title>L\u2019UM6P veut autonomiser les femmes africaines dans la Tech et l\u2019IA - GRAIN<\/title>\n<meta name=\"robots\" content=\"index, follow, max-snippet:-1, max-image-preview:large, max-video-preview:-1\" \/>\n<link rel=\"canonical\" href=\"https:\/\/grain-africa.org\/en\/lum6p-aims-to-empower-african-women-in-tech-and-lia\/\" \/>\n<meta property=\"og:locale\" content=\"en_GB\" \/>\n<meta property=\"og:type\" content=\"article\" \/>\n<meta property=\"og:title\" content=\"L\u2019UM6P veut autonomiser les femmes africaines dans la Tech et l\u2019IA - GRAIN\" \/>\n<meta property=\"og:description\" content=\"L\u2019Universit\u00e9 Polytechnique Mohammed VI du Maroc (UM6P) a lanc\u00e9 une \u00e9cole d\u2019\u00e9t\u00e9 novatrice visant \u00e0 autonomiser les femmes africaines dans les domaines de la technologie et de l\u2019intelligence artificielle (IA). &nbsp;Le programme \u00ab African Women in Tech &amp; AI \u00bb, fruit d\u2019une collaboration entre la Fondation OCP et le Centre de Mouvement de l\u2019IA de ... Read more\" \/>\n<meta property=\"og:url\" content=\"https:\/\/grain-africa.org\/en\/lum6p-aims-to-empower-african-women-in-tech-and-lia\/\" \/>\n<meta property=\"og:site_name\" content=\"GRAIN\" \/>\n<meta property=\"article:published_time\" content=\"2023-08-24T14:21:13+00:00\" \/>\n<meta property=\"og:image\" content=\"https:\/\/grain-africa.org\/wp-content\/uploads\/2023\/08\/download-1.jpg\" \/>\n\t<meta property=\"og:image:width\" content=\"300\" \/>\n\t<meta property=\"og:image:height\" content=\"168\" \/>\n\t<meta property=\"og:image:type\" content=\"image\/jpeg\" \/>\n<meta name=\"author\" content=\"Grainroot\" \/>\n<meta name=\"twitter:card\" content=\"summary_large_image\" \/>\n<meta name=\"twitter:label1\" content=\"Written by\" \/>\n\t<meta name=\"twitter:data1\" content=\"Grainroot\" \/>\n\t<meta name=\"twitter:label2\" content=\"Estimated reading time\" \/>\n\t<meta name=\"twitter:data2\" content=\"2 minutes\" \/>\n<script type=\"application\/ld+json\" class=\"yoast-schema-graph\">{\"@context\":\"https:\\\/\\\/schema.org\",\"@graph\":[{\"@type\":\"Article\",\"@id\":\"https:\\\/\\\/grain-africa.org\\\/lum6p-aims-to-empower-african-women-in-tech-and-lia\\\/#article\",\"isPartOf\":{\"@id\":\"https:\\\/\\\/grain-africa.org\\\/lum6p-aims-to-empower-african-women-in-tech-and-lia\\\/\"},\"author\":{\"name\":\"Grainroot\",\"@id\":\"https:\\\/\\\/grain-africa.org\\\/en\\\/#\\\/schema\\\/person\\\/68ea016a8caf5c598f52c2a90230a532\"},\"headline\":\"L\u2019UM6P veut autonomiser les femmes africaines dans la Tech et l\u2019IA\",\"datePublished\":\"2023-08-24T14:21:13+00:00\",\"mainEntityOfPage\":{\"@id\":\"https:\\\/\\\/grain-africa.org\\\/lum6p-aims-to-empower-african-women-in-tech-and-lia\\\/\"},\"wordCount\":274,\"commentCount\":0,\"publisher\":{\"@id\":\"https:\\\/\\\/grain-africa.org\\\/en\\\/#organization\"},\"image\":{\"@id\":\"https:\\\/\\\/grain-africa.org\\\/lum6p-aims-to-empower-african-women-in-tech-and-lia\\\/#primaryimage\"},\"thumbnailUrl\":\"https:\\\/\\\/grain-africa.org\\\/wp-content\\\/uploads\\\/2023\\\/08\\\/download-1.jpg\",\"keywords\":[\"IA\",\"TECH\",\"UM6P\"],\"articleSection\":[\"Actualit\u00e9s GRAIN\"],\"inLanguage\":\"en-GB\",\"potentialAction\":[{\"@type\":\"CommentAction\",\"name\":\"Comment\",\"target\":[\"https:\\\/\\\/grain-africa.org\\\/lum6p-aims-to-empower-african-women-in-tech-and-lia\\\/#respond\"]}]},{\"@type\":\"WebPage\",\"@id\":\"https:\\\/\\\/grain-africa.org\\\/lum6p-aims-to-empower-african-women-in-tech-and-lia\\\/\",\"url\":\"https:\\\/\\\/grain-africa.org\\\/lum6p-aims-to-empower-african-women-in-tech-and-lia\\\/\",\"name\":\"L\u2019UM6P veut autonomiser les femmes africaines dans la Tech et l\u2019IA - GRAIN\",\"isPartOf\":{\"@id\":\"https:\\\/\\\/grain-africa.org\\\/en\\\/#website\"},\"primaryImageOfPage\":{\"@id\":\"https:\\\/\\\/grain-africa.org\\\/lum6p-aims-to-empower-african-women-in-tech-and-lia\\\/#primaryimage\"},\"image\":{\"@id\":\"https:\\\/\\\/grain-africa.org\\\/lum6p-aims-to-empower-african-women-in-tech-and-lia\\\/#primaryimage\"},\"thumbnailUrl\":\"https:\\\/\\\/grain-africa.org\\\/wp-content\\\/uploads\\\/2023\\\/08\\\/download-1.jpg\",\"datePublished\":\"2023-08-24T14:21:13+00:00\",\"breadcrumb\":{\"@id\":\"https:\\\/\\\/grain-africa.org\\\/lum6p-aims-to-empower-african-women-in-tech-and-lia\\\/#breadcrumb\"},\"inLanguage\":\"en-GB\",\"potentialAction\":[{\"@type\":\"ReadAction\",\"target\":[\"https:\\\/\\\/grain-africa.org\\\/lum6p-aims-to-empower-african-women-in-tech-and-lia\\\/\"]}]},{\"@type\":\"ImageObject\",\"inLanguage\":\"en-GB\",\"@id\":\"https:\\\/\\\/grain-africa.org\\\/lum6p-aims-to-empower-african-women-in-tech-and-lia\\\/#primaryimage\",\"url\":\"https:\\\/\\\/grain-africa.org\\\/wp-content\\\/uploads\\\/2023\\\/08\\\/download-1.jpg\",\"contentUrl\":\"https:\\\/\\\/grain-africa.org\\\/wp-content\\\/uploads\\\/2023\\\/08\\\/download-1.jpg\",\"width\":300,\"height\":168},{\"@type\":\"BreadcrumbList\",\"@id\":\"https:\\\/\\\/grain-africa.org\\\/lum6p-aims-to-empower-african-women-in-tech-and-lia\\\/#breadcrumb\",\"itemListElement\":[{\"@type\":\"ListItem\",\"position\":1,\"name\":\"Accueil\",\"item\":\"https:\\\/\\\/grain-africa.org\\\/\"},{\"@type\":\"ListItem\",\"position\":2,\"name\":\"L\u2019UM6P veut autonomiser les femmes africaines dans la Tech et l\u2019IA\"}]},{\"@type\":\"WebSite\",\"@id\":\"https:\\\/\\\/grain-africa.org\\\/en\\\/#website\",\"url\":\"https:\\\/\\\/grain-africa.org\\\/en\\\/\",\"name\":\"GRAIN\",\"description\":\"\",\"publisher\":{\"@id\":\"https:\\\/\\\/grain-africa.org\\\/en\\\/#organization\"},\"potentialAction\":[{\"@type\":\"SearchAction\",\"target\":{\"@type\":\"EntryPoint\",\"urlTemplate\":\"https:\\\/\\\/grain-africa.org\\\/en\\\/?s={search_term_string}\"},\"query-input\":{\"@type\":\"PropertyValueSpecification\",\"valueRequired\":true,\"valueName\":\"search_term_string\"}}],\"inLanguage\":\"en-GB\"},{\"@type\":\"Organization\",\"@id\":\"https:\\\/\\\/grain-africa.org\\\/en\\\/#organization\",\"name\":\"GRAIN\",\"url\":\"https:\\\/\\\/grain-africa.org\\\/en\\\/\",\"logo\":{\"@type\":\"ImageObject\",\"inLanguage\":\"en-GB\",\"@id\":\"https:\\\/\\\/grain-africa.org\\\/en\\\/#\\\/schema\\\/logo\\\/image\\\/\",\"url\":\"https:\\\/\\\/grain-africa.org\\\/wp-content\\\/uploads\\\/2020\\\/03\\\/GRAIN_newlogo_273_-removebg-preview-1.png\",\"contentUrl\":\"https:\\\/\\\/grain-africa.org\\\/wp-content\\\/uploads\\\/2020\\\/03\\\/GRAIN_newlogo_273_-removebg-preview-1.png\",\"width\":829,\"height\":297,\"caption\":\"GRAIN\"},\"image\":{\"@id\":\"https:\\\/\\\/grain-africa.org\\\/en\\\/#\\\/schema\\\/logo\\\/image\\\/\"}},{\"@type\":\"Person\",\"@id\":\"https:\\\/\\\/grain-africa.org\\\/en\\\/#\\\/schema\\\/person\\\/68ea016a8caf5c598f52c2a90230a532\",\"name\":\"Grainroot\",\"image\":{\"@type\":\"ImageObject\",\"inLanguage\":\"en-GB\",\"@id\":\"https:\\\/\\\/secure.gravatar.com\\\/avatar\\\/518e6741bedc8c13b183aa63d4c3b50dd3fbb01062a4a0b45f7f9cae23deafa6?s=96&d=mm&r=g\",\"url\":\"https:\\\/\\\/secure.gravatar.com\\\/avatar\\\/518e6741bedc8c13b183aa63d4c3b50dd3fbb01062a4a0b45f7f9cae23deafa6?s=96&d=mm&r=g\",\"contentUrl\":\"https:\\\/\\\/secure.gravatar.com\\\/avatar\\\/518e6741bedc8c13b183aa63d4c3b50dd3fbb01062a4a0b45f7f9cae23deafa6?s=96&d=mm&r=g\",\"caption\":\"Grainroot\"},\"sameAs\":[\"https:\\\/\\\/grain-africa.org\"],\"url\":\"https:\\\/\\\/grain-africa.org\\\/en\\\/author\\\/grainroot\\\/\"}]}<\/script>\n<!-- \/ Yoast SEO plugin. -->","yoast_head_json":{"title":"UM6P aims to empower African women in tech and AI - GRAIN","robots":{"index":"index","follow":"follow","max-snippet":"max-snippet:-1","max-image-preview":"max-image-preview:large","max-video-preview":"max-video-preview:-1"},"canonical":"https:\/\/grain-africa.org\/en\/lum6p-aims-to-empower-african-women-in-tech-and-lia\/","og_locale":"en_GB","og_type":"article","og_title":"L\u2019UM6P veut autonomiser les femmes africaines dans la Tech et l\u2019IA - GRAIN","og_description":"L\u2019Universit\u00e9 Polytechnique Mohammed VI du Maroc (UM6P) a lanc\u00e9 une \u00e9cole d\u2019\u00e9t\u00e9 novatrice visant \u00e0 autonomiser les femmes africaines dans les domaines de la technologie et de l\u2019intelligence artificielle (IA). &nbsp;Le programme \u00ab African Women in Tech &amp; AI \u00bb, fruit d\u2019une collaboration entre la Fondation OCP et le Centre de Mouvement de l\u2019IA de ... Read more","og_url":"https:\/\/grain-africa.org\/en\/lum6p-aims-to-empower-african-women-in-tech-and-lia\/","og_site_name":"GRAIN","article_published_time":"2023-08-24T14:21:13+00:00","og_image":[{"width":300,"height":168,"url":"https:\/\/grain-africa.org\/wp-content\/uploads\/2023\/08\/download-1.jpg","type":"image\/jpeg"}],"author":"Grainroot","twitter_card":"summary_large_image","twitter_misc":{"Written by":"Grainroot","Estimated reading time":"2 minutes"},"schema":{"@context":"https:\/\/schema.org","@graph":[{"@type":"Article","@id":"https:\/\/grain-africa.org\/lum6p-aims-to-empower-african-women-in-tech-and-lia\/#article","isPartOf":{"@id":"https:\/\/grain-africa.org\/lum6p-aims-to-empower-african-women-in-tech-and-lia\/"},"author":{"name":"Grainroot","@id":"https:\/\/grain-africa.org\/en\/#\/schema\/person\/68ea016a8caf5c598f52c2a90230a532"},"headline":"L\u2019UM6P veut autonomiser les femmes africaines dans la Tech et l\u2019IA","datePublished":"2023-08-24T14:21:13+00:00","mainEntityOfPage":{"@id":"https:\/\/grain-africa.org\/lum6p-aims-to-empower-african-women-in-tech-and-lia\/"},"wordCount":274,"commentCount":0,"publisher":{"@id":"https:\/\/grain-africa.org\/en\/#organization"},"image":{"@id":"https:\/\/grain-africa.org\/lum6p-aims-to-empower-african-women-in-tech-and-lia\/#primaryimage"},"thumbnailUrl":"https:\/\/grain-africa.org\/wp-content\/uploads\/2023\/08\/download-1.jpg","keywords":["IA","TECH","UM6P"],"articleSection":["Actualit\u00e9s GRAIN"],"inLanguage":"en-GB","potentialAction":[{"@type":"CommentAction","name":"Comment","target":["https:\/\/grain-africa.org\/lum6p-aims-to-empower-african-women-in-tech-and-lia\/#respond"]}]},{"@type":"WebPage","@id":"https:\/\/grain-africa.org\/lum6p-aims-to-empower-african-women-in-tech-and-lia\/","url":"https:\/\/grain-africa.org\/lum6p-aims-to-empower-african-women-in-tech-and-lia\/","name":"UM6P aims to empower African women in tech and AI - GRAIN","isPartOf":{"@id":"https:\/\/grain-africa.org\/en\/#website"},"primaryImageOfPage":{"@id":"https:\/\/grain-africa.org\/lum6p-aims-to-empower-african-women-in-tech-and-lia\/#primaryimage"},"image":{"@id":"https:\/\/grain-africa.org\/lum6p-aims-to-empower-african-women-in-tech-and-lia\/#primaryimage"},"thumbnailUrl":"https:\/\/grain-africa.org\/wp-content\/uploads\/2023\/08\/download-1.jpg","datePublished":"2023-08-24T14:21:13+00:00","breadcrumb":{"@id":"https:\/\/grain-africa.org\/lum6p-aims-to-empower-african-women-in-tech-and-lia\/#breadcrumb"},"inLanguage":"en-GB","potentialAction":[{"@type":"ReadAction","target":["https:\/\/grain-africa.org\/lum6p-aims-to-empower-african-women-in-tech-and-lia\/"]}]},{"@type":"ImageObject","inLanguage":"en-GB","@id":"https:\/\/grain-africa.org\/lum6p-aims-to-empower-african-women-in-tech-and-lia\/#primaryimage","url":"https:\/\/grain-africa.org\/wp-content\/uploads\/2023\/08\/download-1.jpg","contentUrl":"https:\/\/grain-africa.org\/wp-content\/uploads\/2023\/08\/download-1.jpg","width":300,"height":168},{"@type":"BreadcrumbList","@id":"https:\/\/grain-africa.org\/lum6p-aims-to-empower-african-women-in-tech-and-lia\/#breadcrumb","itemListElement":[{"@type":"ListItem","position":1,"name":"Accueil","item":"https:\/\/grain-africa.org\/"},{"@type":"ListItem","position":2,"name":"L\u2019UM6P veut autonomiser les femmes africaines dans la Tech et l\u2019IA"}]},{"@type":"WebSite","@id":"https:\/\/grain-africa.org\/en\/#website","url":"https:\/\/grain-africa.org\/en\/","name":"GRAIN","description":"","publisher":{"@id":"https:\/\/grain-africa.org\/en\/#organization"},"potentialAction":[{"@type":"SearchAction","target":{"@type":"EntryPoint","urlTemplate":"https:\/\/grain-africa.org\/en\/?s={search_term_string}"},"query-input":{"@type":"PropertyValueSpecification","valueRequired":true,"valueName":"search_term_string"}}],"inLanguage":"en-GB"},{"@type":"Organization","@id":"https:\/\/grain-africa.org\/en\/#organization","name":"GRAIN","url":"https:\/\/grain-africa.org\/en\/","logo":{"@type":"ImageObject","inLanguage":"en-GB","@id":"https:\/\/grain-africa.org\/en\/#\/schema\/logo\/image\/","url":"https:\/\/grain-africa.org\/wp-content\/uploads\/2020\/03\/GRAIN_newlogo_273_-removebg-preview-1.png","contentUrl":"https:\/\/grain-africa.org\/wp-content\/uploads\/2020\/03\/GRAIN_newlogo_273_-removebg-preview-1.png","width":829,"height":297,"caption":"GRAIN"},"image":{"@id":"https:\/\/grain-africa.org\/en\/#\/schema\/logo\/image\/"}},{"@type":"Person","@id":"https:\/\/grain-africa.org\/en\/#\/schema\/person\/68ea016a8caf5c598f52c2a90230a532","name":"Grainroot","image":{"@type":"ImageObject","inLanguage":"en-GB","@id":"https:\/\/secure.gravatar.com\/avatar\/518e6741bedc8c13b183aa63d4c3b50dd3fbb01062a4a0b45f7f9cae23deafa6?s=96&d=mm&r=g","url":"https:\/\/secure.gravatar.com\/avatar\/518e6741bedc8c13b183aa63d4c3b50dd3fbb01062a4a0b45f7f9cae23deafa6?s=96&d=mm&r=g","contentUrl":"https:\/\/secure.gravatar.com\/avatar\/518e6741bedc8c13b183aa63d4c3b50dd3fbb01062a4a0b45f7f9cae23deafa6?s=96&d=mm&r=g","caption":"Grainroot"},"sameAs":["https:\/\/grain-africa.org"],"url":"https:\/\/grain-africa.org\/en\/author\/grainroot\/"}]}},"_links":{"self":[{"href":"https:\/\/grain-africa.org\/en\/wp-json\/wp\/v2\/posts\/18880","targetHints":{"allow":["GET"]}}],"collection":[{"href":"https:\/\/grain-africa.org\/en\/wp-json\/wp\/v2\/posts"}],"about":[{"href":"https:\/\/grain-africa.org\/en\/wp-json\/wp\/v2\/types\/post"}],"author":[{"embeddable":true,"href":"https:\/\/grain-africa.org\/en\/wp-json\/wp\/v2\/users\/1"}],"replies":[{"embeddable":true,"href":"https:\/\/grain-africa.org\/en\/wp-json\/wp\/v2\/comments?post=18880"}],"version-history":[{"count":0,"href":"https:\/\/grain-africa.org\/en\/wp-json\/wp\/v2\/posts\/18880\/revisions"}],"wp:featuredmedia":[{"embeddable":true,"href":"https:\/\/grain-africa.org\/en\/wp-json\/wp\/v2\/media\/18883"}],"wp:attachment":[{"href":"https:\/\/grain-africa.org\/en\/wp-json\/wp\/v2\/media?parent=18880"}],"wp:term":[{"taxonomy":"category","embeddable":true,"href":"https:\/\/grain-africa.org\/en\/wp-json\/wp\/v2\/categories?post=18880"},{"taxonomy":"post_tag","embeddable":true,"href":"https:\/\/grain-africa.org\/en\/wp-json\/wp\/v2\/tags?post=18880"}],"curies":[{"name":"wp","href":"https:\/\/api.w.org\/{rel}","templated":true}]}}