{
    "id": 19809,
    "date": "2023-11-16T18:02:55",
    "date_gmt": "2023-11-16T17:02:55",
    "guid": {
        "rendered": "https:\/\/grain-africa.org\/?p=19291"
    },
    "modified": "2023-11-16T18:02:55",
    "modified_gmt": "2023-11-16T17:02:55",
    "slug": "lancement-officiel-du-reseau-pour-le-genre-et-intelligence-artificielle-responsable-grain-en-mode-virtuel",
    "status": "publish",
    "type": "post",
    "link": "http:\/\/grain-africa.org\/fr\/lancement-officiel-du-reseau-pour-le-genre-et-intelligence-artificielle-responsable-grain-en-mode-virtuel\/",
    "title": {
        "rendered": "Lancement officiel du R\u00e9seau pour le Genre et Intelligence Artificielle Responsable (GRAIN) en mode virtuel"
    },
    "content": {
        "rendered": "<p>Le consortium (IPAR, Sunbird AI, CSEA) proc\u00e8dera, lundi 20 novembre 2023, \u00e0 10H GMT sur la plateforme Zoom au lancement officiel du R\u00e9seau pour le Genre et Intelligence Artificielle Responsable (GRAIN) en pr\u00e9sence des partenaires et la grande communaut\u00e9 de l\u2019IA et du genre.<\/p>\n\n\n\n<p>La mise en place de GRAIN entre dans le cadre du programme Intelligence artificielle pour le d\u00e9veloppement en Afrique (AI4D Africa), avec le soutien financier du Centre de recherches pour le d\u00e9veloppement international (CRDI) du Canada et de l\u2019Agence su\u00e9doise de coop\u00e9ration au d\u00e9veloppement international (ASDI).<\/p>\n\n\n\n<p>En effet, le r\u00e9seau GRAIN vise \u00e0 fonctionner comme un \u00ab espace de collaboration \u00bb r\u00e9unissant les parties prenantes locales poss\u00e9dant l&#8217;expertise n\u00e9cessaire, notamment les organisations \u00e0 but lucratif, \u00e0 but non lucratif, le monde universitaire, le gouvernement et la recherche.<\/p>\n\n\n\n<p>\u00c9galement, le r\u00e9seau permettra de contribuer au d\u00e9bat en cours sur le d\u00e9veloppement responsable et le d\u00e9ploiement local des innovations en mati\u00e8re d&#8217;IA.<\/p>\n\n\n\n<p>En format webinaire, le lancement r\u00e9unira des experts des domaines du genre et de l&#8217;IA, membres de GRAIN, pour explorer de mani\u00e8re innovante la gen\u00e8se du r\u00e9seau GRAIN et la mani\u00e8re dont nous pouvons r\u00e9fl\u00e9chir collectivement aux pratiques de collaboration durables.<\/p>\n\n\n\n<p>Lors de cette rencontre en ligne, l\u2019occasion sera saisie pour pr\u00e9senter les b\u00e9n\u00e9ficiaires de l\u2019appel \u00e0 propositions du GRAIN sur \u00ab Am\u00e9liorer l\u2019inclusion et l\u2019\u00e9galit\u00e9 des genres gr\u00e2ce \u00e0 l\u2019intelligence artificielle en Afrique subsaharienne \u00bb.<\/p>\n\n\n\n<p>L&#8217;\u00e9v\u00e9nement adoptera une approche participative, comprenant des pr\u00e9sentations, des discussions de groupe et des questions\/r\u00e9ponses avec le public.<\/p>\n\n\n\n<p>Au terme du lancement, il est attendu la mise en place d&#8217;un cadre de collaboration pour les experts des secteurs du genre et de l&#8217;IA pour aborder l&#8217;\u00e9galit\u00e9 des sexes dans la conception et la construction de l&#8217;IA.<\/p>\n\n\n\n<p>Notons que le r\u00e9seau cible les membres des hubs et laboratoires de l\u2019IAPD Afrique, les acteurs du num\u00e9rique en r\u00e9gion subsaharienne, les chercheurs et sp\u00e9cialistes du genre, les sp\u00e9cialistes du num\u00e9rique et de la technologie, les membres de groupes de r\u00e9flexion menant des projets sur l&#8217;IA et le genre, le grand public<\/p>\n\n\n\n<p>Lien d\u2019inscription&nbsp;:<strong> <a href=\"https:\/\/us06web.zoom.us\/webinar\/register\/WN_hnbR0lzURjW84nCVnd4hDw#\/registration\">https:\/\/us06web.zoom.us\/webinar\/register\/WN_hnbR0lzURjW84nCVnd4hDw#\/registration<\/a><\/strong><\/p>\n  <div class=\"related-post grid\">\r\n        <div class=\"headline\">Articles similaires<\/div>\r\n    <div class=\"post-list\">\r\n\r\n            <div class=\"item\">\r\n            <div class=\"thumb post_thumb\">\r\n    <a  title=\"STEM ET EDUCATION : RECHERCHE DES GAPS LI\u00c9S AU GENRE\" href=\"http:\/\/grain-africa.org\/fr\/stem-et-education-recherche-des-gaps-lies-au-genre\/?related_post_from=579\">\r\n\r\n              <img decoding=\"async\" src=\"http:\/\/grain-africa.org\/wp-content\/uploads\/2020\/03\/GRAIN_newlogo_273_-removebg-preview-1.png\" title=\"STEM ET EDUCATION : RECHERCHE DES GAPS LI\u00c9S AU GENRE\" alt=\"STEM ET EDUCATION : RECHERCHE DES GAPS LI\u00c9S AU GENRE\">\r\n\r\n      \r\n\r\n    <\/a>\r\n  <\/div>\r\n\r\n  <a class=\"title post_title\"  title=\"STEM ET EDUCATION : RECHERCHE DES GAPS LI\u00c9S AU GENRE\" href=\"http:\/\/grain-africa.org\/fr\/stem-et-education-recherche-des-gaps-lies-au-genre\/?related_post_from=579\">\r\n        STEM ET EDUCATION : RECHERCHE DES GAPS LI\u00c9S AU GENRE  <\/a>\r\n\r\n  <p class=\"excerpt post_excerpt\">\r\n    Not that long ago, people lived and functioned in tight communities. Every vendor knew their customers personally and could make...  <\/p>\r\n        <\/div>\r\n              <div class=\"item\">\r\n            <div class=\"thumb post_thumb\">\r\n    <a  title=\"AI et autonomisation \u00e9conomique des femmes dans l\u2019agriculture\" href=\"http:\/\/grain-africa.org\/fr\/ai-et-autonomisation-economique-des-femmes-dans-lagriculture\/?related_post_from=2864\">\r\n\r\n      <img fetchpriority=\"high\" decoding=\"async\" width=\"911\" height=\"516\" src=\"https:\/\/grain-africa.org\/wp-content\/uploads\/2020\/02\/ldjlkhvlvdl-1.jpg\" class=\"attachment-full size-full wp-post-image\" alt=\"\" srcset=\"https:\/\/grain-africa.org\/wp-content\/uploads\/2020\/02\/ldjlkhvlvdl-1.jpg 911w, https:\/\/grain-africa.org\/wp-content\/uploads\/2020\/02\/ldjlkhvlvdl-1-300x170.jpg 300w, https:\/\/grain-africa.org\/wp-content\/uploads\/2020\/02\/ldjlkhvlvdl-1-768x435.jpg 768w\" sizes=\"(max-width: 911px) 100vw, 911px\" \/>\r\n\r\n    <\/a>\r\n  <\/div>\r\n\r\n  <a class=\"title post_title\"  title=\"AI et autonomisation \u00e9conomique des femmes dans l\u2019agriculture\" href=\"http:\/\/grain-africa.org\/fr\/ai-et-autonomisation-economique-des-femmes-dans-lagriculture\/?related_post_from=2864\">\r\n        AI et autonomisation \u00e9conomique des femmes dans l\u2019agriculture  <\/a>\r\n\r\n  <p class=\"excerpt post_excerpt\">\r\n    This Machine Learning Glossary aims to briefly introduce the most important Machine Learning terms - both for the commercially and...  <\/p>\r\n        <\/div>\r\n      \r\n  <\/div>\r\n\r\n  <script>\r\n      <\/script>\r\n  <style>\r\n    .related-post {}\r\n\r\n    .related-post .post-list {\r\n      text-align: left;\r\n          }\r\n\r\n    .related-post .post-list .item {\r\n      margin: 20px;\r\n      padding: 0px;\r\n          }\r\n\r\n    .related-post .headline {\r\n      font-size: 18px !important;\r\n      color: #999999 !important;\r\n          }\r\n\r\n    .related-post .headline{\r\n\t\tfont-size: 25px!important;\r\n}\r\n.related-post .post-list .item {\r\n\tmargin: 20px 35px 20px 0;\r\n}\r\n.related-post .post-list .item{\r\n\tmargin: 20px 35px 20px 0;\r\n    box-shadow: 0 0 10px 0 rgba(0,0,0,.15);\r\n    border-radius: 8px;\r\n}\r\n.related-post .post-list .item .post_title, .related-post .post-list .item p{\r\n\tpadding: 20px!important\r\n}\r\n.related-post .post-list .item .post_title{\r\n\t\tpadding-bottom: 0!important\r\n}\r\n.related-post .headline{\r\n\tcolor: var(--e-global-color-primary)!important;\r\n}\r\n.related-post .headline{\r\n\tmargin: 20px 35%!important;\r\n}\r\n\r\n@media (max-width: 1024px){\r\n\t.related-post .headline{\r\n\t\tmargin: 20px 20%!important;\r\n\t}\r\n}.related-post .post-list .item .post_thumb {\r\n      max-height: 220px;\r\n      margin: 0px 0px;\r\n      padding: 0px;\r\n      display: block;\r\n          }\r\n\r\n    .related-post .post-list .item .post_title {\r\n      font-size: 24px;\r\n      color: #005450;\r\n      margin: 10px 0px;\r\n      padding: 0px;\r\n      display: block;\r\n      text-decoration: none;\r\n      color: var(--e-global-color-primary);\r\n    font-family: var(--e-global-typography-233c6cb-font-family), Sans-serif;\r\n    font-size: var(--e-global-typography-233c6cb-font-size);\r\n    font-weight: var(--e-global-typography-233c6cb-font-weight);\r\n    line-height: var(--e-global-typography-233c6cb-line-height);\r\n    letter-spacing: var(--e-global-typography-233c6cb-letter-spacing);\r\n    word-spacing: var(--e-global-typography-233c6cb-word-spacing);    }\r\n\r\n    .related-post .post-list .item .post_excerpt {\r\n      font-size: 15px;\r\n      color: #000000;\r\n      margin: 10px 0px;\r\n      padding: 0px;\r\n      display: block;\r\n      text-decoration: none;\r\n          }\r\n\r\n    @media only screen and (min-width: 1024px) {\r\n      .related-post .post-list .item {\r\n        width: 45%;\r\n      }\r\n    }\r\n\r\n    @media only screen and (min-width: 768px) and (max-width: 1023px) {\r\n      .related-post .post-list .item {\r\n        width: 90%;\r\n      }\r\n    }\r\n\r\n    @media only screen and (min-width: 0px) and (max-width: 767px) {\r\n      .related-post .post-list .item {\r\n        width: 90%;\r\n      }\r\n    }\r\n\r\n      <\/style>\r\n    <\/div>",
        "protected": false
    },
    "excerpt": {
        "rendered": "<p>Le consortium (IPAR, Sunbird AI, CSEA) proc\u00e8dera, lundi 20 novembre 2023, \u00e0 10H GMT sur la plateforme Zoom au lancement officiel du R\u00e9seau pour le Genre et Intelligence Artificielle Responsable (GRAIN) en pr\u00e9sence des partenaires et la grande communaut\u00e9 de l\u2019IA et du genre. La mise en place de GRAIN entre dans le cadre du &#8230; <a title=\"AI et autonomisation \u00e9conomique des femmes dans l\u2019agriculture\" class=\"read-more\" href=\"http:\/\/grain-africa.org\/fr\/ai-et-autonomisation-economique-des-femmes-dans-lagriculture\/\" aria-label=\"Read more about AI et autonomisation \u00e9conomique des femmes dans l\u2019agriculture\">Read more<\/a><\/p>\n  <div class=\"related-post grid\">\r\n        <div class=\"headline\">Articles similaires<\/div>\r\n    <div class=\"post-list\">\r\n\r\n            <div class=\"item\">\r\n            <div class=\"thumb post_thumb\">\r\n    <a  title=\"STEM ET EDUCATION : RECHERCHE DES GAPS LI\u00c9S AU GENRE\" href=\"http:\/\/grain-africa.org\/fr\/stem-et-education-recherche-des-gaps-lies-au-genre\/?related_post_from=579\">\r\n\r\n              <img decoding=\"async\" src=\"http:\/\/grain-africa.org\/wp-content\/uploads\/2020\/03\/GRAIN_newlogo_273_-removebg-preview-1.png\" title=\"STEM ET EDUCATION : RECHERCHE DES GAPS LI\u00c9S AU GENRE\" alt=\"STEM ET EDUCATION : RECHERCHE DES GAPS LI\u00c9S AU GENRE\">\r\n\r\n      \r\n\r\n    <\/a>\r\n  <\/div>\r\n\r\n  <a class=\"title post_title\"  title=\"STEM ET EDUCATION : RECHERCHE DES GAPS LI\u00c9S AU GENRE\" href=\"http:\/\/grain-africa.org\/fr\/stem-et-education-recherche-des-gaps-lies-au-genre\/?related_post_from=579\">\r\n        STEM ET EDUCATION : RECHERCHE DES GAPS LI\u00c9S AU GENRE  <\/a>\r\n\r\n  <p class=\"excerpt post_excerpt\">\r\n    Not that long ago, people lived and functioned in tight communities. Every vendor knew their customers personally and could make...  <\/p>\r\n        <\/div>\r\n              <div class=\"item\">\r\n            <div class=\"thumb post_thumb\">\r\n    <a  title=\"les-violences-sexuelles-comme-instrument-politique-durant-les-elections-au-kenya\" href=\"http:\/\/grain-africa.org\/fr\/les-violences-sexuelles-comme-instrument-politique-durant-les-elections-au-kenya\/?related_post_from=577\">\r\n\r\n              <img decoding=\"async\" src=\"http:\/\/grain-africa.org\/wp-content\/uploads\/2020\/03\/GRAIN_newlogo_273_-removebg-preview-1.png\" title=\"les-violences-sexuelles-comme-instrument-politique-durant-les-elections-au-kenya\" alt=\"les-violences-sexuelles-comme-instrument-politique-durant-les-elections-au-kenya\">\r\n\r\n      \r\n\r\n    <\/a>\r\n  <\/div>\r\n\r\n  <a class=\"title post_title\"  title=\"les-violences-sexuelles-comme-instrument-politique-durant-les-elections-au-kenya\" href=\"http:\/\/grain-africa.org\/fr\/les-violences-sexuelles-comme-instrument-politique-durant-les-elections-au-kenya\/?related_post_from=577\">\r\n        les-violences-sexuelles-comme-instrument-politique-durant-les-elections-au-kenya  <\/a>\r\n\r\n  <p class=\"excerpt post_excerpt\">\r\n    This Machine Learning Glossary aims to briefly introduce the most important Machine Learning terms - both for the commercially and...  <\/p>\r\n        <\/div>\r\n      \r\n  <\/div>\r\n\r\n  <script>\r\n      <\/script>\r\n  <style>\r\n    .related-post {}\r\n\r\n    .related-post .post-list {\r\n      text-align: left;\r\n          }\r\n\r\n    .related-post .post-list .item {\r\n      margin: 20px;\r\n      padding: 0px;\r\n          }\r\n\r\n    .related-post .headline {\r\n      font-size: 18px !important;\r\n      color: #999999 !important;\r\n          }\r\n\r\n    .related-post .headline{\r\n\t\tfont-size: 25px!important;\r\n}\r\n.related-post .post-list .item {\r\n\tmargin: 20px 35px 20px 0;\r\n}\r\n.related-post .post-list .item{\r\n\tmargin: 20px 35px 20px 0;\r\n    box-shadow: 0 0 10px 0 rgba(0,0,0,.15);\r\n    border-radius: 8px;\r\n}\r\n.related-post .post-list .item .post_title, .related-post .post-list .item p{\r\n\tpadding: 20px!important\r\n}\r\n.related-post .post-list .item .post_title{\r\n\t\tpadding-bottom: 0!important\r\n}\r\n.related-post .headline{\r\n\tcolor: var(--e-global-color-primary)!important;\r\n}\r\n.related-post .headline{\r\n\tmargin: 20px 35%!important;\r\n}\r\n\r\n@media (max-width: 1024px){\r\n\t.related-post .headline{\r\n\t\tmargin: 20px 20%!important;\r\n\t}\r\n}.related-post .post-list .item .post_thumb {\r\n      max-height: 220px;\r\n      margin: 0px 0px;\r\n      padding: 0px;\r\n      display: block;\r\n          }\r\n\r\n    .related-post .post-list .item .post_title {\r\n      font-size: 24px;\r\n      color: #005450;\r\n      margin: 10px 0px;\r\n      padding: 0px;\r\n      display: block;\r\n      text-decoration: none;\r\n      color: var(--e-global-color-primary);\r\n    font-family: var(--e-global-typography-233c6cb-font-family), Sans-serif;\r\n    font-size: var(--e-global-typography-233c6cb-font-size);\r\n    font-weight: var(--e-global-typography-233c6cb-font-weight);\r\n    line-height: var(--e-global-typography-233c6cb-line-height);\r\n    letter-spacing: var(--e-global-typography-233c6cb-letter-spacing);\r\n    word-spacing: var(--e-global-typography-233c6cb-word-spacing);    }\r\n\r\n    .related-post .post-list .item .post_excerpt {\r\n      font-size: 15px;\r\n      color: #000000;\r\n      margin: 10px 0px;\r\n      padding: 0px;\r\n      display: block;\r\n      text-decoration: none;\r\n          }\r\n\r\n    @media only screen and (min-width: 1024px) {\r\n      .related-post .post-list .item {\r\n        width: 45%;\r\n      }\r\n    }\r\n\r\n    @media only screen and (min-width: 768px) and (max-width: 1023px) {\r\n      .related-post .post-list .item {\r\n        width: 90%;\r\n      }\r\n    }\r\n\r\n    @media only screen and (min-width: 0px) and (max-width: 767px) {\r\n      .related-post .post-list .item {\r\n        width: 90%;\r\n      }\r\n    }\r\n\r\n      <\/style>\r\n    <\/div>",
        "protected": false
    },
    "author": 1,
    "featured_media": 19305,
    "comment_status": "open",
    "ping_status": "closed",
    "sticky": false,
    "template": "",
    "format": "standard",
    "meta": {
        "footnotes": ""
    },
    "categories": [
        10
    ],
    "tags": [],
    "class_list": [
        "post-19809",
        "post",
        "type-post",
        "status-publish",
        "format-standard",
        "has-post-thumbnail",
        "hentry",
        "category-actualites-grain"
    ],
    "yoast_head": "<!-- This site is optimized with the Yoast SEO plugin v22.9 - https:\/\/yoast.com\/wordpress\/plugins\/seo\/ -->\n<title>Lancement officiel du R\u00e9seau pour le Genre et Intelligence Artificielle Responsable (GRAIN) en mode virtuel - GRAIN<\/title>\n<meta name=\"robots\" content=\"index, follow, max-snippet:-1, max-image-preview:large, max-video-preview:-1\" \/>\n<link rel=\"canonical\" href=\"https:\/\/grain-africa.org\/fr\/official-launch-of-the-network-for-gender-and-responsible-artificial-intelligence-grain-in-virtual-mode\/\" \/>\n<meta property=\"og:locale\" content=\"fr_FR\" \/>\n<meta property=\"og:type\" content=\"article\" \/>\n<meta property=\"og:title\" content=\"Lancement officiel du R\u00e9seau pour le Genre et Intelligence Artificielle Responsable (GRAIN) en mode virtuel - GRAIN\" \/>\n<meta property=\"og:description\" content=\"Le consortium (IPAR, Sunbird AI, CSEA) proc\u00e8dera, lundi 20 novembre 2023, \u00e0 10H GMT sur la plateforme Zoom au lancement officiel du R\u00e9seau pour le Genre et Intelligence Artificielle Responsable (GRAIN) en pr\u00e9sence des partenaires et la grande communaut\u00e9 de l\u2019IA et du genre. La mise en place de GRAIN entre dans le cadre du ... Read more\" \/>\n<meta property=\"og:url\" content=\"https:\/\/grain-africa.org\/fr\/official-launch-of-the-network-for-gender-and-responsible-artificial-intelligence-grain-in-virtual-mode\/\" \/>\n<meta property=\"og:site_name\" content=\"GRAIN\" \/>\n<meta property=\"article:published_time\" content=\"2023-11-16T17:02:55+00:00\" \/>\n<meta property=\"og:image\" content=\"https:\/\/grain-africa.org\/wp-content\/uploads\/2023\/11\/Lancement-du-reseau-GRAIN-Francais.jpg\" \/>\n\t<meta property=\"og:image:width\" content=\"1748\" \/>\n\t<meta property=\"og:image:height\" content=\"1240\" \/>\n\t<meta property=\"og:image:type\" content=\"image\/jpeg\" \/>\n<meta name=\"author\" content=\"Grainroot\" \/>\n<meta name=\"twitter:card\" content=\"summary_large_image\" \/>\n<meta name=\"twitter:label1\" content=\"\u00c9crit par\" \/>\n\t<meta name=\"twitter:data1\" content=\"Grainroot\" \/>\n\t<meta name=\"twitter:label2\" content=\"Dur\u00e9e de lecture estim\u00e9e\" \/>\n\t<meta name=\"twitter:data2\" content=\"2 minutes\" \/>\n<script type=\"application\/ld+json\" class=\"yoast-schema-graph\">{\"@context\":\"https:\/\/schema.org\",\"@graph\":[{\"@type\":\"Article\",\"@id\":\"https:\/\/grain-africa.org\/official-launch-of-the-network-for-gender-and-responsible-artificial-intelligence-grain-in-virtual-mode\/#article\",\"isPartOf\":{\"@id\":\"https:\/\/grain-africa.org\/official-launch-of-the-network-for-gender-and-responsible-artificial-intelligence-grain-in-virtual-mode\/\"},\"author\":{\"name\":\"Grainroot\",\"@id\":\"https:\/\/grain-africa.org\/en\/#\/schema\/person\/68ea016a8caf5c598f52c2a90230a532\"},\"headline\":\"Lancement officiel du R\u00e9seau pour le Genre et Intelligence Artificielle Responsable (GRAIN) en mode virtuel\",\"datePublished\":\"2023-11-16T17:02:55+00:00\",\"dateModified\":\"2023-11-16T17:02:55+00:00\",\"mainEntityOfPage\":{\"@id\":\"https:\/\/grain-africa.org\/official-launch-of-the-network-for-gender-and-responsible-artificial-intelligence-grain-in-virtual-mode\/\"},\"wordCount\":417,\"commentCount\":0,\"publisher\":{\"@id\":\"https:\/\/grain-africa.org\/en\/#organization\"},\"image\":{\"@id\":\"https:\/\/grain-africa.org\/official-launch-of-the-network-for-gender-and-responsible-artificial-intelligence-grain-in-virtual-mode\/#primaryimage\"},\"thumbnailUrl\":\"https:\/\/grain-africa.org\/wp-content\/uploads\/2023\/11\/Lancement-du-reseau-GRAIN-Francais.jpg\",\"articleSection\":[\"Actualit\u00e9s GRAIN\"],\"inLanguage\":\"fr-FR\",\"potentialAction\":[{\"@type\":\"CommentAction\",\"name\":\"Comment\",\"target\":[\"https:\/\/grain-africa.org\/official-launch-of-the-network-for-gender-and-responsible-artificial-intelligence-grain-in-virtual-mode\/#respond\"]}]},{\"@type\":\"WebPage\",\"@id\":\"https:\/\/grain-africa.org\/official-launch-of-the-network-for-gender-and-responsible-artificial-intelligence-grain-in-virtual-mode\/\",\"url\":\"https:\/\/grain-africa.org\/official-launch-of-the-network-for-gender-and-responsible-artificial-intelligence-grain-in-virtual-mode\/\",\"name\":\"Lancement officiel du R\u00e9seau pour le Genre et Intelligence Artificielle Responsable (GRAIN) en mode virtuel - GRAIN\",\"isPartOf\":{\"@id\":\"https:\/\/grain-africa.org\/en\/#website\"},\"primaryImageOfPage\":{\"@id\":\"https:\/\/grain-africa.org\/official-launch-of-the-network-for-gender-and-responsible-artificial-intelligence-grain-in-virtual-mode\/#primaryimage\"},\"image\":{\"@id\":\"https:\/\/grain-africa.org\/official-launch-of-the-network-for-gender-and-responsible-artificial-intelligence-grain-in-virtual-mode\/#primaryimage\"},\"thumbnailUrl\":\"https:\/\/grain-africa.org\/wp-content\/uploads\/2023\/11\/Lancement-du-reseau-GRAIN-Francais.jpg\",\"datePublished\":\"2023-11-16T17:02:55+00:00\",\"dateModified\":\"2023-11-16T17:02:55+00:00\",\"breadcrumb\":{\"@id\":\"https:\/\/grain-africa.org\/official-launch-of-the-network-for-gender-and-responsible-artificial-intelligence-grain-in-virtual-mode\/#breadcrumb\"},\"inLanguage\":\"fr-FR\",\"potentialAction\":[{\"@type\":\"ReadAction\",\"target\":[\"https:\/\/grain-africa.org\/official-launch-of-the-network-for-gender-and-responsible-artificial-intelligence-grain-in-virtual-mode\/\"]}]},{\"@type\":\"ImageObject\",\"inLanguage\":\"fr-FR\",\"@id\":\"https:\/\/grain-africa.org\/official-launch-of-the-network-for-gender-and-responsible-artificial-intelligence-grain-in-virtual-mode\/#primaryimage\",\"url\":\"https:\/\/grain-africa.org\/wp-content\/uploads\/2023\/11\/Lancement-du-reseau-GRAIN-Francais.jpg\",\"contentUrl\":\"https:\/\/grain-africa.org\/wp-content\/uploads\/2023\/11\/Lancement-du-reseau-GRAIN-Francais.jpg\",\"width\":1748,\"height\":1240},{\"@type\":\"BreadcrumbList\",\"@id\":\"https:\/\/grain-africa.org\/official-launch-of-the-network-for-gender-and-responsible-artificial-intelligence-grain-in-virtual-mode\/#breadcrumb\",\"itemListElement\":[{\"@type\":\"ListItem\",\"position\":1,\"name\":\"Accueil\",\"item\":\"https:\/\/grain-africa.org\/en\/\"},{\"@type\":\"ListItem\",\"position\":2,\"name\":\"Lancement officiel du R\u00e9seau pour le Genre et Intelligence Artificielle Responsable (GRAIN) en mode virtuel\"}]},{\"@type\":\"WebSite\",\"@id\":\"https:\/\/grain-africa.org\/en\/#website\",\"url\":\"https:\/\/grain-africa.org\/en\/\",\"name\":\"GRAIN\",\"description\":\"\",\"publisher\":{\"@id\":\"https:\/\/grain-africa.org\/en\/#organization\"},\"potentialAction\":[{\"@type\":\"SearchAction\",\"target\":{\"@type\":\"EntryPoint\",\"urlTemplate\":\"https:\/\/grain-africa.org\/en\/?s={search_term_string}\"},\"query-input\":\"required name=search_term_string\"}],\"inLanguage\":\"fr-FR\"},{\"@type\":\"Organization\",\"@id\":\"https:\/\/grain-africa.org\/en\/#organization\",\"name\":\"GRAIN\",\"url\":\"https:\/\/grain-africa.org\/en\/\",\"logo\":{\"@type\":\"ImageObject\",\"inLanguage\":\"fr-FR\",\"@id\":\"https:\/\/grain-africa.org\/en\/#\/schema\/logo\/image\/\",\"url\":\"https:\/\/grain-africa.org\/wp-content\/uploads\/2020\/03\/GRAIN_newlogo_273_-removebg-preview-1.png\",\"contentUrl\":\"https:\/\/grain-africa.org\/wp-content\/uploads\/2020\/03\/GRAIN_newlogo_273_-removebg-preview-1.png\",\"width\":829,\"height\":297,\"caption\":\"GRAIN\"},\"image\":{\"@id\":\"https:\/\/grain-africa.org\/en\/#\/schema\/logo\/image\/\"}},{\"@type\":\"Person\",\"@id\":\"https:\/\/grain-africa.org\/en\/#\/schema\/person\/68ea016a8caf5c598f52c2a90230a532\",\"name\":\"Grainroot\",\"image\":{\"@type\":\"ImageObject\",\"inLanguage\":\"fr-FR\",\"@id\":\"https:\/\/grain-africa.org\/en\/#\/schema\/person\/image\/\",\"url\":\"https:\/\/secure.gravatar.com\/avatar\/518e6741bedc8c13b183aa63d4c3b50dd3fbb01062a4a0b45f7f9cae23deafa6?s=96&d=mm&r=g\",\"contentUrl\":\"https:\/\/secure.gravatar.com\/avatar\/518e6741bedc8c13b183aa63d4c3b50dd3fbb01062a4a0b45f7f9cae23deafa6?s=96&d=mm&r=g\",\"caption\":\"Grainroot\"},\"sameAs\":[\"https:\/\/grain-africa.org\"],\"url\":\"http:\/\/grain-africa.org\/fr\/author\/grainroot\/\"}]}<\/script>\n<!-- \/ Yoast SEO plugin. -->",
    "yoast_head_json": {
        "title": "Lancement officiel du R\u00e9seau pour le Genre et Intelligence Artificielle Responsable (GRAIN) en mode virtuel - GRAIN",
        "robots": {
            "index": "index",
            "follow": "follow",
            "max-snippet": "max-snippet:-1",
            "max-image-preview": "max-image-preview:large",
            "max-video-preview": "max-video-preview:-1"
        },
        "canonical": "https:\/\/grain-africa.org\/fr\/official-launch-of-the-network-for-gender-and-responsible-artificial-intelligence-grain-in-virtual-mode\/",
        "og_locale": "fr_FR",
        "og_type": "article",
        "og_title": "Lancement officiel du R\u00e9seau pour le Genre et Intelligence Artificielle Responsable (GRAIN) en mode virtuel - GRAIN",
        "og_description": "Le consortium (IPAR, Sunbird AI, CSEA) proc\u00e8dera, lundi 20 novembre 2023, \u00e0 10H GMT sur la plateforme Zoom au lancement officiel du R\u00e9seau pour le Genre et Intelligence Artificielle Responsable (GRAIN) en pr\u00e9sence des partenaires et la grande communaut\u00e9 de l\u2019IA et du genre. La mise en place de GRAIN entre dans le cadre du ... Read more",
        "og_url": "https:\/\/grain-africa.org\/fr\/official-launch-of-the-network-for-gender-and-responsible-artificial-intelligence-grain-in-virtual-mode\/",
        "og_site_name": "GRAIN",
        "article_published_time": "2023-11-16T17:02:55+00:00",
        "og_image": [
            {
                "width": 1748,
                "height": 1240,
                "url": "https:\/\/grain-africa.org\/wp-content\/uploads\/2023\/11\/Lancement-du-reseau-GRAIN-Francais.jpg",
                "type": "image\/jpeg"
            }
        ],
        "author": "Grainroot",
        "twitter_card": "summary_large_image",
        "twitter_misc": {
            "\u00c9crit par": "Grainroot",
            "Dur\u00e9e de lecture estim\u00e9e": "2 minutes"
        },
        "schema": {
            "@context": "https:\/\/schema.org",
            "@graph": [
                {
                    "@type": "Article",
                    "@id": "https:\/\/grain-africa.org\/official-launch-of-the-network-for-gender-and-responsible-artificial-intelligence-grain-in-virtual-mode\/#article",
                    "isPartOf": {
                        "@id": "https:\/\/grain-africa.org\/official-launch-of-the-network-for-gender-and-responsible-artificial-intelligence-grain-in-virtual-mode\/"
                    },
                    "author": {
                        "name": "Grainroot",
                        "@id": "https:\/\/grain-africa.org\/en\/#\/schema\/person\/68ea016a8caf5c598f52c2a90230a532"
                    },
                    "headline": "Lancement officiel du R\u00e9seau pour le Genre et Intelligence Artificielle Responsable (GRAIN) en mode virtuel",
                    "datePublished": "2023-11-16T17:02:55+00:00",
                    "dateModified": "2023-11-16T17:02:55+00:00",
                    "mainEntityOfPage": {
                        "@id": "https:\/\/grain-africa.org\/official-launch-of-the-network-for-gender-and-responsible-artificial-intelligence-grain-in-virtual-mode\/"
                    },
                    "wordCount": 417,
                    "commentCount": 0,
                    "publisher": {
                        "@id": "https:\/\/grain-africa.org\/en\/#organization"
                    },
                    "image": {
                        "@id": "https:\/\/grain-africa.org\/official-launch-of-the-network-for-gender-and-responsible-artificial-intelligence-grain-in-virtual-mode\/#primaryimage"
                    },
                    "thumbnailUrl": "https:\/\/grain-africa.org\/wp-content\/uploads\/2023\/11\/Lancement-du-reseau-GRAIN-Francais.jpg",
                    "articleSection": [
                        "Actualit\u00e9s GRAIN"
                    ],
                    "inLanguage": "fr-FR",
                    "potentialAction": [
                        {
                            "@type": "CommentAction",
                            "name": "Comment",
                            "target": [
                                "https:\/\/grain-africa.org\/official-launch-of-the-network-for-gender-and-responsible-artificial-intelligence-grain-in-virtual-mode\/#respond"
                            ]
                        }
                    ]
                },
                {
                    "@type": "WebPage",
                    "@id": "https:\/\/grain-africa.org\/official-launch-of-the-network-for-gender-and-responsible-artificial-intelligence-grain-in-virtual-mode\/",
                    "url": "https:\/\/grain-africa.org\/official-launch-of-the-network-for-gender-and-responsible-artificial-intelligence-grain-in-virtual-mode\/",
                    "name": "Lancement officiel du R\u00e9seau pour le Genre et Intelligence Artificielle Responsable (GRAIN) en mode virtuel - GRAIN",
                    "isPartOf": {
                        "@id": "https:\/\/grain-africa.org\/en\/#website"
                    },
                    "primaryImageOfPage": {
                        "@id": "https:\/\/grain-africa.org\/official-launch-of-the-network-for-gender-and-responsible-artificial-intelligence-grain-in-virtual-mode\/#primaryimage"
                    },
                    "image": {
                        "@id": "https:\/\/grain-africa.org\/official-launch-of-the-network-for-gender-and-responsible-artificial-intelligence-grain-in-virtual-mode\/#primaryimage"
                    },
                    "thumbnailUrl": "https:\/\/grain-africa.org\/wp-content\/uploads\/2023\/11\/Lancement-du-reseau-GRAIN-Francais.jpg",
                    "datePublished": "2023-11-16T17:02:55+00:00",
                    "dateModified": "2023-11-16T17:02:55+00:00",
                    "breadcrumb": {
                        "@id": "https:\/\/grain-africa.org\/official-launch-of-the-network-for-gender-and-responsible-artificial-intelligence-grain-in-virtual-mode\/#breadcrumb"
                    },
                    "inLanguage": "fr-FR",
                    "potentialAction": [
                        {
                            "@type": "ReadAction",
                            "target": [
                                "https:\/\/grain-africa.org\/official-launch-of-the-network-for-gender-and-responsible-artificial-intelligence-grain-in-virtual-mode\/"
                            ]
                        }
                    ]
                },
                {
                    "@type": "ImageObject",
                    "inLanguage": "fr-FR",
                    "@id": "https:\/\/grain-africa.org\/official-launch-of-the-network-for-gender-and-responsible-artificial-intelligence-grain-in-virtual-mode\/#primaryimage",
                    "url": "https:\/\/grain-africa.org\/wp-content\/uploads\/2023\/11\/Lancement-du-reseau-GRAIN-Francais.jpg",
                    "contentUrl": "https:\/\/grain-africa.org\/wp-content\/uploads\/2023\/11\/Lancement-du-reseau-GRAIN-Francais.jpg",
                    "width": 1748,
                    "height": 1240
                },
                {
                    "@type": "BreadcrumbList",
                    "@id": "https:\/\/grain-africa.org\/official-launch-of-the-network-for-gender-and-responsible-artificial-intelligence-grain-in-virtual-mode\/#breadcrumb",
                    "itemListElement": [
                        {
                            "@type": "ListItem",
                            "position": 1,
                            "name": "Accueil",
                            "item": "https:\/\/grain-africa.org\/en\/"
                        },
                        {
                            "@type": "ListItem",
                            "position": 2,
                            "name": "Lancement officiel du R\u00e9seau pour le Genre et Intelligence Artificielle Responsable (GRAIN) en mode virtuel"
                        }
                    ]
                },
                {
                    "@type": "WebSite",
                    "@id": "https:\/\/grain-africa.org\/en\/#website",
                    "url": "https:\/\/grain-africa.org\/en\/",
                    "name": "GRAIN",
                    "description": "",
                    "publisher": {
                        "@id": "https:\/\/grain-africa.org\/en\/#organization"
                    },
                    "potentialAction": [
                        {
                            "@type": "SearchAction",
                            "target": {
                                "@type": "EntryPoint",
                                "urlTemplate": "https:\/\/grain-africa.org\/en\/?s={search_term_string}"
                            },
                            "query-input": "required name=search_term_string"
                        }
                    ],
                    "inLanguage": "fr-FR"
                },
                {
                    "@type": "Organization",
                    "@id": "https:\/\/grain-africa.org\/en\/#organization",
                    "name": "GRAIN",
                    "url": "https:\/\/grain-africa.org\/en\/",
                    "logo": {
                        "@type": "ImageObject",
                        "inLanguage": "fr-FR",
                        "@id": "https:\/\/grain-africa.org\/en\/#\/schema\/logo\/image\/",
                        "url": "https:\/\/grain-africa.org\/wp-content\/uploads\/2020\/03\/GRAIN_newlogo_273_-removebg-preview-1.png",
                        "contentUrl": "https:\/\/grain-africa.org\/wp-content\/uploads\/2020\/03\/GRAIN_newlogo_273_-removebg-preview-1.png",
                        "width": 829,
                        "height": 297,
                        "caption": "GRAIN"
                    },
                    "image": {
                        "@id": "https:\/\/grain-africa.org\/en\/#\/schema\/logo\/image\/"
                    }
                },
                {
                    "@type": "Person",
                    "@id": "https:\/\/grain-africa.org\/en\/#\/schema\/person\/68ea016a8caf5c598f52c2a90230a532",
                    "name": "Grainroot",
                    "image": {
                        "@type": "ImageObject",
                        "inLanguage": "fr-FR",
                        "@id": "https:\/\/grain-africa.org\/en\/#\/schema\/person\/image\/",
                        "url": "https:\/\/secure.gravatar.com\/avatar\/518e6741bedc8c13b183aa63d4c3b50dd3fbb01062a4a0b45f7f9cae23deafa6?s=96&d=mm&r=g",
                        "contentUrl": "https:\/\/secure.gravatar.com\/avatar\/518e6741bedc8c13b183aa63d4c3b50dd3fbb01062a4a0b45f7f9cae23deafa6?s=96&d=mm&r=g",
                        "caption": "Grainroot"
                    },
                    "sameAs": [
                        "https:\/\/grain-africa.org"
                    ],
                    "url": "http:\/\/grain-africa.org\/fr\/author\/grainroot\/"
                }
            ]
        }
    },
    "_links": {
        "self": [
            {
                "href": "http:\/\/grain-africa.org\/fr\/wp-json\/wp\/v2\/posts\/19809",
                "targetHints": {
                    "allow": [
                        "GET"
                    ]
                }
            }
        ],
        "collection": [
            {
                "href": "http:\/\/grain-africa.org\/fr\/wp-json\/wp\/v2\/posts"
            }
        ],
        "about": [
            {
                "href": "http:\/\/grain-africa.org\/fr\/wp-json\/wp\/v2\/types\/post"
            }
        ],
        "author": [
            {
                "embeddable": true,
                "href": "http:\/\/grain-africa.org\/fr\/wp-json\/wp\/v2\/users\/1"
            }
        ],
        "replies": [
            {
                "embeddable": true,
                "href": "http:\/\/grain-africa.org\/fr\/wp-json\/wp\/v2\/comments?post=19809"
            }
        ],
        "version-history": [
            {
                "count": 0,
                "href": "http:\/\/grain-africa.org\/fr\/wp-json\/wp\/v2\/posts\/19809\/revisions"
            }
        ],
        "wp:featuredmedia": [
            {
                "embeddable": true,
                "href": "http:\/\/grain-africa.org\/fr\/wp-json\/wp\/v2\/media\/19305"
            }
        ],
        "wp:attachment": [
            {
                "href": "http:\/\/grain-africa.org\/fr\/wp-json\/wp\/v2\/media?parent=19809"
            }
        ],
        "wp:term": [
            {
                "taxonomy": "category",
                "embeddable": true,
                "href": "http:\/\/grain-africa.org\/fr\/wp-json\/wp\/v2\/categories?post=19809"
            },
            {
                "taxonomy": "post_tag",
                "embeddable": true,
                "href": "http:\/\/grain-africa.org\/fr\/wp-json\/wp\/v2\/tags?post=19809"
            }
        ],
        "curies": [
            {
                "name": "wp",
                "href": "https:\/\/api.w.org\/{rel}",
                "templated": true
            }
        ]
    }
}