{
    "id": 18965,
    "date": "2023-09-19T13:05:04",
    "date_gmt": "2023-09-19T11:05:04",
    "guid": {
        "rendered": "https:\/\/grain-africa.org\/?p=18965"
    },
    "modified": "2023-09-19T13:05:04",
    "modified_gmt": "2023-09-19T11:05:04",
    "slug": "pourquoi-nous-devons-liberer-le-potentiel-des-donnees-de-maniere-responsable-et-inclusive",
    "status": "publish",
    "type": "post",
    "link": "http:\/\/grain-africa.org\/fr\/pourquoi-nous-devons-liberer-le-potentiel-des-donnees-de-maniere-responsable-et-inclusive\/",
    "title": {
        "rendered": "Pourquoi nous devons lib\u00e9rer le potentiel des donn\u00e9es de mani\u00e8re responsable et inclusive"
    },
    "content": {
        "rendered": "<p><\/p>\n\n\n\n<p><strong><em>Par Adedeji Adeniran et Ezra Ihezie<\/em><\/strong><\/p>\n\n\n\n<p><strong><em>Adedeji Adeniran, directeur de recherche, et Ezra Ihezie, associ\u00e9 de recherche, Centre d&#8217;\u00e9tude des \u00e9conomies de l&#8217;Afrique (CSEA) expliquent pourquoi nous devons lib\u00e9rer le potentiel des donn\u00e9es de mani\u00e8re responsable et inclusive.<\/em><\/strong><\/p>\n\n\n\n<p>\u00c0 l\u2019\u00e8re num\u00e9rique d\u2019aujourd\u2019hui, les donn\u00e9es sont devenues un atout inestimable, moteur de l\u2019innovation, de la croissance \u00e9conomique et du d\u00e9veloppement soci\u00e9tal. L\u2019Afrique, avec sa vaste population et ses paysages diversifi\u00e9s, rec\u00e8le un immense potentiel pour exploiter les donn\u00e9es afin de transformer divers secteurs. Cependant, pour exploiter efficacement la puissance des donn\u00e9es, une gouvernance responsable des donn\u00e9es est essentielle. Cet article de blog explore le concept de lib\u00e9ration responsable de la valeur des donn\u00e9es pour tous, l&#8217;\u00e9volution des efforts de gouvernance des donn\u00e9es en Afrique et le potentiel des bacs \u00e0 sable pour favoriser le partage transfrontalier de donn\u00e9es.<\/p>\n\n\n\n<p><strong>Les donn\u00e9es comptent : comment lib\u00e9rer leur potentiel de mani\u00e8re responsable et inclusive<\/strong><\/p>\n\n\n\n<p>Les donn\u00e9es sont souvent appel\u00e9es m\u00e9taphoriquement le nouveau p\u00e9trole. Faisant allusion \u00e0 cette comparaison, la gouvernance responsable des donn\u00e9es implique le raffinement des donn\u00e9es (nouveau p\u00e9trole brut) en valeur et en innovations pour la soci\u00e9t\u00e9. Lib\u00e9rer de mani\u00e8re responsable la valeur des donn\u00e9es pour tous impliquent la cr\u00e9ation d\u2019un \u00e9cosyst\u00e8me de donn\u00e9es inclusif qui profite aux individus, aux entreprises, aux gouvernements et \u00e0 la soci\u00e9t\u00e9. Ce concept souligne l&#8217;importance des cadres de gouvernance des donn\u00e9es qui donnent la priorit\u00e9 \u00e0 l&#8217;acc\u00e8s \u00e9quitable, \u00e0 la protection et \u00e0 l&#8217;utilisation \u00e9thique des donn\u00e9es. Il met l&#8217;accent sur la promotion de la vie priv\u00e9e, de la s\u00e9curit\u00e9, de la transparence et de la responsabilit\u00e9 au sein de ces cadres. En outre, cela n\u00e9cessite de s\u2019attaquer aux probl\u00e8mes d\u2019in\u00e9galit\u00e9 des donn\u00e9es pour garantir que les communaut\u00e9s marginalis\u00e9es ont acc\u00e8s aux innovations bas\u00e9es sur les donn\u00e9es. En cr\u00e9ant un tel \u00e9cosyst\u00e8me, nous favorisons la diversit\u00e9, la concurrence, l&#8217;innovation et la collaboration tout en exploitant les donn\u00e9es \u00e0 des fins positives, tout en reconnaissant et en att\u00e9nuant les limites et les incertitudes inh\u00e9rentes aux donn\u00e9es.<\/p>\n\n\n\n<p>Lire la suite\u00a0: <a href=\"https:\/\/www.thedatasphere.org\/news\/responsible-data-governance-unlocking-africas-potential\/\">https:\/\/www.thedatasphere.org\/news\/responsible-data-governance-unlocking-africas-potential\/<\/a><\/p>\n  <div class=\"related-post grid\">\r\n        <div class=\"headline\">Articles similaires<\/div>\r\n    <div class=\"post-list\">\r\n\r\n            <div class=\"item\">\r\n            <div class=\"thumb post_thumb\">\r\n    <a  title=\"Panel d\u2019experts sur l&#8217;intelligence artificielle comme levier de d\u00e9veloppement en Afrique\" href=\"http:\/\/grain-africa.org\/fr\/panel-dexperts-sur-lintelligence-artificielle-comme-levier-de-developpement-en-afrique\/?related_post_from=18658\">\r\n\r\n      <img fetchpriority=\"high\" decoding=\"async\" width=\"1920\" height=\"1440\" src=\"https:\/\/grain-africa.org\/wp-content\/uploads\/2023\/05\/GRAIN.jpg\" class=\"attachment-full size-full wp-post-image\" alt=\"\" srcset=\"https:\/\/grain-africa.org\/wp-content\/uploads\/2023\/05\/GRAIN.jpg 1920w, https:\/\/grain-africa.org\/wp-content\/uploads\/2023\/05\/GRAIN-300x225.jpg 300w, https:\/\/grain-africa.org\/wp-content\/uploads\/2023\/05\/GRAIN-1024x768.jpg 1024w, https:\/\/grain-africa.org\/wp-content\/uploads\/2023\/05\/GRAIN-768x576.jpg 768w\" sizes=\"(max-width: 1920px) 100vw, 1920px\" \/>\r\n\r\n    <\/a>\r\n  <\/div>\r\n\r\n  <a class=\"title post_title\"  title=\"Panel d\u2019experts sur l&#8217;intelligence artificielle comme levier de d\u00e9veloppement en Afrique\" href=\"http:\/\/grain-africa.org\/fr\/panel-dexperts-sur-lintelligence-artificielle-comme-levier-de-developpement-en-afrique\/?related_post_from=18658\">\r\n        Panel d\u2019experts sur l&#8217;intelligence artificielle comme levier de d\u00e9veloppement en Afrique  <\/a>\r\n\r\n  <p class=\"excerpt post_excerpt\">\r\n    L\u2019IPAR a particip\u00e9, lundi 15 mai 2023 \u00e0 Saly, \u00e0 un \"panel d\u2019experts sur l'intelligence artificielle comme levier de d\u00e9veloppement <a class=\"read-more\" href=\"http:\/\/grain-africa.org\/fr\/panel-dexperts-sur-lintelligence-artificielle-comme-levier-de-developpement-en-afrique\/?related_post_from=18658\"> Read more<\/a>  <\/p>\r\n        <\/div>\r\n              <div class=\"item\">\r\n            <div class=\"thumb post_thumb\">\r\n    <a  title=\"Women Deliver Conf\u00e9rence 2023\u00a0: L\u2019IPAR explore les pistes pour le d\u00e9ploiement d\u2019une IA responsable et favorable \u00e0 l\u2019am\u00e9lioration de la sant\u00e9 des femmes\" href=\"http:\/\/grain-africa.org\/fr\/women-deliver-conference-2023-lipar-explore-les-pistes-pour-le-deploiement-dune-ia-responsable-et-favorable-a-lamelioration-de-la-sante-des-femmes\/?related_post_from=18835\">\r\n\r\n      <img decoding=\"async\" width=\"750\" height=\"1000\" src=\"https:\/\/grain-africa.org\/wp-content\/uploads\/2023\/07\/laure-Tall-1-1.jpg\" class=\"attachment-full size-full wp-post-image\" alt=\"\" srcset=\"https:\/\/grain-africa.org\/wp-content\/uploads\/2023\/07\/laure-Tall-1-1.jpg 750w, https:\/\/grain-africa.org\/wp-content\/uploads\/2023\/07\/laure-Tall-1-1-225x300.jpg 225w, https:\/\/grain-africa.org\/wp-content\/uploads\/2023\/07\/laure-Tall-1-1-300x400.jpg 300w\" sizes=\"(max-width: 750px) 100vw, 750px\" \/>\r\n\r\n    <\/a>\r\n  <\/div>\r\n\r\n  <a class=\"title post_title\"  title=\"Women Deliver Conf\u00e9rence 2023\u00a0: L\u2019IPAR explore les pistes pour le d\u00e9ploiement d\u2019une IA responsable et favorable \u00e0 l\u2019am\u00e9lioration de la sant\u00e9 des femmes\" href=\"http:\/\/grain-africa.org\/fr\/women-deliver-conference-2023-lipar-explore-les-pistes-pour-le-deploiement-dune-ia-responsable-et-favorable-a-lamelioration-de-la-sante-des-femmes\/?related_post_from=18835\">\r\n        Women Deliver Conf\u00e9rence 2023\u00a0: L\u2019IPAR explore les pistes pour le d\u00e9ploiement d\u2019une IA responsable et favorable \u00e0 l\u2019am\u00e9lioration de la sant\u00e9 des femmes  <\/a>\r\n\r\n  <p class=\"excerpt post_excerpt\">\r\n    La Women Deliver Conf\u00e9rence (WD2023) est l\u2019un des plus grands rassemblements multisectoriels visant \u00e0 faire progresser l'\u00e9galit\u00e9 des genres. Co-cr\u00e9\u00e9e <a class=\"read-more\" href=\"http:\/\/grain-africa.org\/fr\/women-deliver-conference-2023-lipar-explore-les-pistes-pour-le-deploiement-dune-ia-responsable-et-favorable-a-lamelioration-de-la-sante-des-femmes\/?related_post_from=18835\"> Read more<\/a>  <\/p>\r\n        <\/div>\r\n      \r\n  <\/div>\r\n\r\n  <script>\r\n      <\/script>\r\n  <style>\r\n    .related-post {}\r\n\r\n    .related-post .post-list {\r\n      text-align: left;\r\n          }\r\n\r\n    .related-post .post-list .item {\r\n      margin: 20px;\r\n      padding: 0px;\r\n          }\r\n\r\n    .related-post .headline {\r\n      font-size: 18px !important;\r\n      color: #999999 !important;\r\n          }\r\n\r\n    .related-post .headline{\r\n\t\tfont-size: 25px!important;\r\n}\r\n.related-post .post-list .item {\r\n\tmargin: 20px 35px 20px 0;\r\n}\r\n.related-post .post-list .item{\r\n\tmargin: 20px 35px 20px 0;\r\n    box-shadow: 0 0 10px 0 rgba(0,0,0,.15);\r\n    border-radius: 8px;\r\n}\r\n.related-post .post-list .item .post_title, .related-post .post-list .item p{\r\n\tpadding: 20px!important\r\n}\r\n.related-post .post-list .item .post_title{\r\n\t\tpadding-bottom: 0!important\r\n}\r\n.related-post .headline{\r\n\tcolor: var(--e-global-color-primary)!important;\r\n}\r\n.related-post .headline{\r\n\tmargin: 20px 35%!important;\r\n}\r\n\r\n@media (max-width: 1024px){\r\n\t.related-post .headline{\r\n\t\tmargin: 20px 20%!important;\r\n\t}\r\n}.related-post .post-list .item .post_thumb {\r\n      max-height: 220px;\r\n      margin: 0px 0px;\r\n      padding: 0px;\r\n      display: block;\r\n          }\r\n\r\n    .related-post .post-list .item .post_title {\r\n      font-size: 24px;\r\n      color: #005450;\r\n      margin: 10px 0px;\r\n      padding: 0px;\r\n      display: block;\r\n      text-decoration: none;\r\n      color: var(--e-global-color-primary);\r\n    font-family: var(--e-global-typography-233c6cb-font-family), Sans-serif;\r\n    font-size: var(--e-global-typography-233c6cb-font-size);\r\n    font-weight: var(--e-global-typography-233c6cb-font-weight);\r\n    line-height: var(--e-global-typography-233c6cb-line-height);\r\n    letter-spacing: var(--e-global-typography-233c6cb-letter-spacing);\r\n    word-spacing: var(--e-global-typography-233c6cb-word-spacing);    }\r\n\r\n    .related-post .post-list .item .post_excerpt {\r\n      font-size: 15px;\r\n      color: #000000;\r\n      margin: 10px 0px;\r\n      padding: 0px;\r\n      display: block;\r\n      text-decoration: none;\r\n          }\r\n\r\n    @media only screen and (min-width: 1024px) {\r\n      .related-post .post-list .item {\r\n        width: 45%;\r\n      }\r\n    }\r\n\r\n    @media only screen and (min-width: 768px) and (max-width: 1023px) {\r\n      .related-post .post-list .item {\r\n        width: 90%;\r\n      }\r\n    }\r\n\r\n    @media only screen and (min-width: 0px) and (max-width: 767px) {\r\n      .related-post .post-list .item {\r\n        width: 90%;\r\n      }\r\n    }\r\n\r\n      <\/style>\r\n    <\/div>",
        "protected": false
    },
    "excerpt": {
        "rendered": "<p>Par Adedeji Adeniran et Ezra Ihezie Adedeji Adeniran, directeur de recherche, et Ezra Ihezie, associ\u00e9 de recherche, Centre d&#8217;\u00e9tude des \u00e9conomies de l&#8217;Afrique (CSEA) expliquent pourquoi nous devons lib\u00e9rer le potentiel des donn\u00e9es de mani\u00e8re responsable et inclusive. \u00c0 l\u2019\u00e8re num\u00e9rique d\u2019aujourd\u2019hui, les donn\u00e9es sont devenues un atout inestimable, moteur de l\u2019innovation, de la croissance &#8230; <a title=\"Women Deliver Conf\u00e9rence 2023\u00a0: L\u2019IPAR explore les pistes pour le d\u00e9ploiement d\u2019une IA responsable et favorable \u00e0 l\u2019am\u00e9lioration de la sant\u00e9 des femmes\" class=\"read-more\" href=\"http:\/\/grain-africa.org\/fr\/women-deliver-conference-2023-lipar-explore-les-pistes-pour-le-deploiement-dune-ia-responsable-et-favorable-a-lamelioration-de-la-sante-des-femmes\/\" aria-label=\"Read more about Women Deliver Conf\u00e9rence 2023\u00a0: L\u2019IPAR explore les pistes pour le d\u00e9ploiement d\u2019une IA responsable et favorable \u00e0 l\u2019am\u00e9lioration de la sant\u00e9 des femmes\">Read more<\/a><\/p>\n  <div class=\"related-post grid\">\r\n        <div class=\"headline\">Articles similaires<\/div>\r\n    <div class=\"post-list\">\r\n\r\n            <div class=\"item\">\r\n            <div class=\"thumb post_thumb\">\r\n    <a  title=\"Panel d\u2019experts sur l&#8217;intelligence artificielle comme levier de d\u00e9veloppement en Afrique\" href=\"http:\/\/grain-africa.org\/fr\/panel-dexperts-sur-lintelligence-artificielle-comme-levier-de-developpement-en-afrique\/?related_post_from=18658\">\r\n\r\n      <img width=\"1920\" height=\"1440\" src=\"https:\/\/grain-africa.org\/wp-content\/uploads\/2023\/05\/GRAIN.jpg\" class=\"attachment-full size-full wp-post-image\" alt=\"\" decoding=\"async\" srcset=\"https:\/\/grain-africa.org\/wp-content\/uploads\/2023\/05\/GRAIN.jpg 1920w, https:\/\/grain-africa.org\/wp-content\/uploads\/2023\/05\/GRAIN-300x225.jpg 300w, https:\/\/grain-africa.org\/wp-content\/uploads\/2023\/05\/GRAIN-1024x768.jpg 1024w, https:\/\/grain-africa.org\/wp-content\/uploads\/2023\/05\/GRAIN-768x576.jpg 768w\" sizes=\"(max-width: 1920px) 100vw, 1920px\" \/>\r\n\r\n    <\/a>\r\n  <\/div>\r\n\r\n  <a class=\"title post_title\"  title=\"Panel d\u2019experts sur l&#8217;intelligence artificielle comme levier de d\u00e9veloppement en Afrique\" href=\"http:\/\/grain-africa.org\/fr\/panel-dexperts-sur-lintelligence-artificielle-comme-levier-de-developpement-en-afrique\/?related_post_from=18658\">\r\n        Panel d\u2019experts sur l&#8217;intelligence artificielle comme levier de d\u00e9veloppement en Afrique  <\/a>\r\n\r\n  <p class=\"excerpt post_excerpt\">\r\n    L\u2019IPAR a particip\u00e9, lundi 15 mai 2023 \u00e0 Saly, \u00e0 un \"panel d\u2019experts sur l'intelligence artificielle comme levier de d\u00e9veloppement <a class=\"read-more\" href=\"http:\/\/grain-africa.org\/fr\/panel-dexperts-sur-lintelligence-artificielle-comme-levier-de-developpement-en-afrique\/?related_post_from=18658\"> Read more<\/a>  <\/p>\r\n        <\/div>\r\n              <div class=\"item\">\r\n            <div class=\"thumb post_thumb\">\r\n    <a  title=\"Mise en \u0153uvre du projet DUA en c\u00f4te d\u2019ivoire\u00a0: Une mission d\u00e9ploy\u00e9e par IPAR pour assurer la formation des enqu\u00eateurs\" href=\"http:\/\/grain-africa.org\/fr\/mise-en-oeuvre-du-projet-dua-en-cote-divoire-une-mission-deployee-par-ipar-pour-assurer-la-formation-des-enqueteurs\/?related_post_from=18732\">\r\n\r\n      <img loading=\"lazy\" width=\"1080\" height=\"607\" src=\"https:\/\/grain-africa.org\/wp-content\/uploads\/2023\/06\/VIGNETTE-DUA-1-1.jpg\" class=\"attachment-full size-full wp-post-image\" alt=\"\" decoding=\"async\" srcset=\"https:\/\/grain-africa.org\/wp-content\/uploads\/2023\/06\/VIGNETTE-DUA-1-1.jpg 1080w, https:\/\/grain-africa.org\/wp-content\/uploads\/2023\/06\/VIGNETTE-DUA-1-1-300x169.jpg 300w, https:\/\/grain-africa.org\/wp-content\/uploads\/2023\/06\/VIGNETTE-DUA-1-1-1024x576.jpg 1024w, https:\/\/grain-africa.org\/wp-content\/uploads\/2023\/06\/VIGNETTE-DUA-1-1-768x432.jpg 768w\" sizes=\"(max-width: 1080px) 100vw, 1080px\" \/>\r\n\r\n    <\/a>\r\n  <\/div>\r\n\r\n  <a class=\"title post_title\"  title=\"Mise en \u0153uvre du projet DUA en c\u00f4te d\u2019ivoire\u00a0: Une mission d\u00e9ploy\u00e9e par IPAR pour assurer la formation des enqu\u00eateurs\" href=\"http:\/\/grain-africa.org\/fr\/mise-en-oeuvre-du-projet-dua-en-cote-divoire-une-mission-deployee-par-ipar-pour-assurer-la-formation-des-enqueteurs\/?related_post_from=18732\">\r\n        Mise en \u0153uvre du projet DUA en c\u00f4te d\u2019ivoire\u00a0: Une mission d\u00e9ploy\u00e9e par IPAR pour assurer la formation des enqu\u00eateurs  <\/a>\r\n\r\n  <p class=\"excerpt post_excerpt\">\r\n    IPAR poursuit la mise en \u0153uvre du projet DUA dans les pays pilotes. Apr\u00e8s le S\u00e9n\u00e9gal, le Burkina (CEDRES) et <a class=\"read-more\" href=\"http:\/\/grain-africa.org\/fr\/mise-en-oeuvre-du-projet-dua-en-cote-divoire-une-mission-deployee-par-ipar-pour-assurer-la-formation-des-enqueteurs\/?related_post_from=18732\"> Read more<\/a>  <\/p>\r\n        <\/div>\r\n      \r\n  <\/div>\r\n\r\n  <script>\r\n      <\/script>\r\n  <style>\r\n    .related-post {}\r\n\r\n    .related-post .post-list {\r\n      text-align: left;\r\n          }\r\n\r\n    .related-post .post-list .item {\r\n      margin: 20px;\r\n      padding: 0px;\r\n          }\r\n\r\n    .related-post .headline {\r\n      font-size: 18px !important;\r\n      color: #999999 !important;\r\n          }\r\n\r\n    .related-post .headline{\r\n\t\tfont-size: 25px!important;\r\n}\r\n.related-post .post-list .item {\r\n\tmargin: 20px 35px 20px 0;\r\n}\r\n.related-post .post-list .item{\r\n\tmargin: 20px 35px 20px 0;\r\n    box-shadow: 0 0 10px 0 rgba(0,0,0,.15);\r\n    border-radius: 8px;\r\n}\r\n.related-post .post-list .item .post_title, .related-post .post-list .item p{\r\n\tpadding: 20px!important\r\n}\r\n.related-post .post-list .item .post_title{\r\n\t\tpadding-bottom: 0!important\r\n}\r\n.related-post .headline{\r\n\tcolor: var(--e-global-color-primary)!important;\r\n}\r\n.related-post .headline{\r\n\tmargin: 20px 35%!important;\r\n}\r\n\r\n@media (max-width: 1024px){\r\n\t.related-post .headline{\r\n\t\tmargin: 20px 20%!important;\r\n\t}\r\n}.related-post .post-list .item .post_thumb {\r\n      max-height: 220px;\r\n      margin: 0px 0px;\r\n      padding: 0px;\r\n      display: block;\r\n          }\r\n\r\n    .related-post .post-list .item .post_title {\r\n      font-size: 24px;\r\n      color: #005450;\r\n      margin: 10px 0px;\r\n      padding: 0px;\r\n      display: block;\r\n      text-decoration: none;\r\n      color: var(--e-global-color-primary);\r\n    font-family: var(--e-global-typography-233c6cb-font-family), Sans-serif;\r\n    font-size: var(--e-global-typography-233c6cb-font-size);\r\n    font-weight: var(--e-global-typography-233c6cb-font-weight);\r\n    line-height: var(--e-global-typography-233c6cb-line-height);\r\n    letter-spacing: var(--e-global-typography-233c6cb-letter-spacing);\r\n    word-spacing: var(--e-global-typography-233c6cb-word-spacing);    }\r\n\r\n    .related-post .post-list .item .post_excerpt {\r\n      font-size: 15px;\r\n      color: #000000;\r\n      margin: 10px 0px;\r\n      padding: 0px;\r\n      display: block;\r\n      text-decoration: none;\r\n          }\r\n\r\n    @media only screen and (min-width: 1024px) {\r\n      .related-post .post-list .item {\r\n        width: 45%;\r\n      }\r\n    }\r\n\r\n    @media only screen and (min-width: 768px) and (max-width: 1023px) {\r\n      .related-post .post-list .item {\r\n        width: 90%;\r\n      }\r\n    }\r\n\r\n    @media only screen and (min-width: 0px) and (max-width: 767px) {\r\n      .related-post .post-list .item {\r\n        width: 90%;\r\n      }\r\n    }\r\n\r\n      <\/style>\r\n    <\/div>",
        "protected": false
    },
    "author": 1,
    "featured_media": 18966,
    "comment_status": "open",
    "ping_status": "closed",
    "sticky": false,
    "template": "",
    "format": "standard",
    "meta": {
        "footnotes": ""
    },
    "categories": [
        10
    ],
    "tags": [
        16,
        41
    ],
    "class_list": [
        "post-18965",
        "post",
        "type-post",
        "status-publish",
        "format-standard",
        "has-post-thumbnail",
        "hentry",
        "category-actualites-grain",
        "tag-afrique",
        "tag-donnees"
    ],
    "yoast_head": "<!-- This site is optimized with the Yoast SEO plugin v22.9 - https:\/\/yoast.com\/wordpress\/plugins\/seo\/ -->\n<title>Pourquoi nous devons lib\u00e9rer le potentiel des donn\u00e9es de mani\u00e8re responsable et inclusive - GRAIN<\/title>\n<meta name=\"robots\" content=\"index, follow, max-snippet:-1, max-image-preview:large, max-video-preview:-1\" \/>\n<link rel=\"canonical\" href=\"https:\/\/grain-africa.org\/fr\/pourquoi-nous-devons-liberer-le-potentiel-des-donnees-de-maniere-responsable-et-inclusive\/\" \/>\n<meta property=\"og:locale\" content=\"fr_FR\" \/>\n<meta property=\"og:type\" content=\"article\" \/>\n<meta property=\"og:title\" content=\"Pourquoi nous devons lib\u00e9rer le potentiel des donn\u00e9es de mani\u00e8re responsable et inclusive - GRAIN\" \/>\n<meta property=\"og:description\" content=\"Par Adedeji Adeniran et Ezra Ihezie Adedeji Adeniran, directeur de recherche, et Ezra Ihezie, associ\u00e9 de recherche, Centre d&#8217;\u00e9tude des \u00e9conomies de l&#8217;Afrique (CSEA) expliquent pourquoi nous devons lib\u00e9rer le potentiel des donn\u00e9es de mani\u00e8re responsable et inclusive. \u00c0 l\u2019\u00e8re num\u00e9rique d\u2019aujourd\u2019hui, les donn\u00e9es sont devenues un atout inestimable, moteur de l\u2019innovation, de la croissance ... Read more\" \/>\n<meta property=\"og:url\" content=\"https:\/\/grain-africa.org\/fr\/pourquoi-nous-devons-liberer-le-potentiel-des-donnees-de-maniere-responsable-et-inclusive\/\" \/>\n<meta property=\"og:site_name\" content=\"GRAIN\" \/>\n<meta property=\"article:published_time\" content=\"2023-09-19T11:05:04+00:00\" \/>\n<meta property=\"og:image\" content=\"https:\/\/grain-africa.org\/wp-content\/uploads\/2023\/09\/Adedeji-Indiv-blog-4.png\" \/>\n\t<meta property=\"og:image:width\" content=\"1600\" \/>\n\t<meta property=\"og:image:height\" content=\"900\" \/>\n\t<meta property=\"og:image:type\" content=\"image\/png\" \/>\n<meta name=\"author\" content=\"Grainroot\" \/>\n<meta name=\"twitter:card\" content=\"summary_large_image\" \/>\n<meta name=\"twitter:label1\" content=\"\u00c9crit par\" \/>\n\t<meta name=\"twitter:data1\" content=\"Grainroot\" \/>\n\t<meta name=\"twitter:label2\" content=\"Dur\u00e9e de lecture estim\u00e9e\" \/>\n\t<meta name=\"twitter:data2\" content=\"2 minutes\" \/>\n<script type=\"application\/ld+json\" class=\"yoast-schema-graph\">{\"@context\":\"https:\/\/schema.org\",\"@graph\":[{\"@type\":\"Article\",\"@id\":\"https:\/\/grain-africa.org\/fr\/pourquoi-nous-devons-liberer-le-potentiel-des-donnees-de-maniere-responsable-et-inclusive\/#article\",\"isPartOf\":{\"@id\":\"https:\/\/grain-africa.org\/fr\/pourquoi-nous-devons-liberer-le-potentiel-des-donnees-de-maniere-responsable-et-inclusive\/\"},\"author\":{\"name\":\"Grainroot\",\"@id\":\"https:\/\/grain-africa.org\/en\/#\/schema\/person\/68ea016a8caf5c598f52c2a90230a532\"},\"headline\":\"Pourquoi nous devons lib\u00e9rer le potentiel des donn\u00e9es de mani\u00e8re responsable et inclusive\",\"datePublished\":\"2023-09-19T11:05:04+00:00\",\"dateModified\":\"2023-09-19T11:05:04+00:00\",\"mainEntityOfPage\":{\"@id\":\"https:\/\/grain-africa.org\/fr\/pourquoi-nous-devons-liberer-le-potentiel-des-donnees-de-maniere-responsable-et-inclusive\/\"},\"wordCount\":415,\"commentCount\":0,\"publisher\":{\"@id\":\"https:\/\/grain-africa.org\/en\/#organization\"},\"image\":{\"@id\":\"https:\/\/grain-africa.org\/fr\/pourquoi-nous-devons-liberer-le-potentiel-des-donnees-de-maniere-responsable-et-inclusive\/#primaryimage\"},\"thumbnailUrl\":\"https:\/\/grain-africa.org\/wp-content\/uploads\/2023\/09\/Adedeji-Indiv-blog-4.png\",\"keywords\":[\"Afrique\",\"Donn\u00e9es\"],\"articleSection\":[\"Actualit\u00e9s GRAIN\"],\"inLanguage\":\"fr-FR\",\"potentialAction\":[{\"@type\":\"CommentAction\",\"name\":\"Comment\",\"target\":[\"https:\/\/grain-africa.org\/fr\/pourquoi-nous-devons-liberer-le-potentiel-des-donnees-de-maniere-responsable-et-inclusive\/#respond\"]}]},{\"@type\":\"WebPage\",\"@id\":\"https:\/\/grain-africa.org\/fr\/pourquoi-nous-devons-liberer-le-potentiel-des-donnees-de-maniere-responsable-et-inclusive\/\",\"url\":\"https:\/\/grain-africa.org\/fr\/pourquoi-nous-devons-liberer-le-potentiel-des-donnees-de-maniere-responsable-et-inclusive\/\",\"name\":\"Pourquoi nous devons lib\u00e9rer le potentiel des donn\u00e9es de mani\u00e8re responsable et inclusive - GRAIN\",\"isPartOf\":{\"@id\":\"https:\/\/grain-africa.org\/en\/#website\"},\"primaryImageOfPage\":{\"@id\":\"https:\/\/grain-africa.org\/fr\/pourquoi-nous-devons-liberer-le-potentiel-des-donnees-de-maniere-responsable-et-inclusive\/#primaryimage\"},\"image\":{\"@id\":\"https:\/\/grain-africa.org\/fr\/pourquoi-nous-devons-liberer-le-potentiel-des-donnees-de-maniere-responsable-et-inclusive\/#primaryimage\"},\"thumbnailUrl\":\"https:\/\/grain-africa.org\/wp-content\/uploads\/2023\/09\/Adedeji-Indiv-blog-4.png\",\"datePublished\":\"2023-09-19T11:05:04+00:00\",\"dateModified\":\"2023-09-19T11:05:04+00:00\",\"breadcrumb\":{\"@id\":\"https:\/\/grain-africa.org\/fr\/pourquoi-nous-devons-liberer-le-potentiel-des-donnees-de-maniere-responsable-et-inclusive\/#breadcrumb\"},\"inLanguage\":\"fr-FR\",\"potentialAction\":[{\"@type\":\"ReadAction\",\"target\":[\"https:\/\/grain-africa.org\/fr\/pourquoi-nous-devons-liberer-le-potentiel-des-donnees-de-maniere-responsable-et-inclusive\/\"]}]},{\"@type\":\"ImageObject\",\"inLanguage\":\"fr-FR\",\"@id\":\"https:\/\/grain-africa.org\/fr\/pourquoi-nous-devons-liberer-le-potentiel-des-donnees-de-maniere-responsable-et-inclusive\/#primaryimage\",\"url\":\"https:\/\/grain-africa.org\/wp-content\/uploads\/2023\/09\/Adedeji-Indiv-blog-4.png\",\"contentUrl\":\"https:\/\/grain-africa.org\/wp-content\/uploads\/2023\/09\/Adedeji-Indiv-blog-4.png\",\"width\":1600,\"height\":900},{\"@type\":\"BreadcrumbList\",\"@id\":\"https:\/\/grain-africa.org\/fr\/pourquoi-nous-devons-liberer-le-potentiel-des-donnees-de-maniere-responsable-et-inclusive\/#breadcrumb\",\"itemListElement\":[{\"@type\":\"ListItem\",\"position\":1,\"name\":\"Accueil\",\"item\":\"https:\/\/grain-africa.org\/en\/\"},{\"@type\":\"ListItem\",\"position\":2,\"name\":\"Pourquoi nous devons lib\u00e9rer le potentiel des donn\u00e9es de mani\u00e8re responsable et inclusive\"}]},{\"@type\":\"WebSite\",\"@id\":\"https:\/\/grain-africa.org\/en\/#website\",\"url\":\"https:\/\/grain-africa.org\/en\/\",\"name\":\"GRAIN\",\"description\":\"\",\"publisher\":{\"@id\":\"https:\/\/grain-africa.org\/en\/#organization\"},\"potentialAction\":[{\"@type\":\"SearchAction\",\"target\":{\"@type\":\"EntryPoint\",\"urlTemplate\":\"https:\/\/grain-africa.org\/en\/?s={search_term_string}\"},\"query-input\":\"required name=search_term_string\"}],\"inLanguage\":\"fr-FR\"},{\"@type\":\"Organization\",\"@id\":\"https:\/\/grain-africa.org\/en\/#organization\",\"name\":\"GRAIN\",\"url\":\"https:\/\/grain-africa.org\/en\/\",\"logo\":{\"@type\":\"ImageObject\",\"inLanguage\":\"fr-FR\",\"@id\":\"https:\/\/grain-africa.org\/en\/#\/schema\/logo\/image\/\",\"url\":\"https:\/\/grain-africa.org\/wp-content\/uploads\/2020\/03\/GRAIN_newlogo_273_-removebg-preview-1.png\",\"contentUrl\":\"https:\/\/grain-africa.org\/wp-content\/uploads\/2020\/03\/GRAIN_newlogo_273_-removebg-preview-1.png\",\"width\":829,\"height\":297,\"caption\":\"GRAIN\"},\"image\":{\"@id\":\"https:\/\/grain-africa.org\/en\/#\/schema\/logo\/image\/\"}},{\"@type\":\"Person\",\"@id\":\"https:\/\/grain-africa.org\/en\/#\/schema\/person\/68ea016a8caf5c598f52c2a90230a532\",\"name\":\"Grainroot\",\"image\":{\"@type\":\"ImageObject\",\"inLanguage\":\"fr-FR\",\"@id\":\"https:\/\/grain-africa.org\/en\/#\/schema\/person\/image\/\",\"url\":\"https:\/\/secure.gravatar.com\/avatar\/518e6741bedc8c13b183aa63d4c3b50dd3fbb01062a4a0b45f7f9cae23deafa6?s=96&d=mm&r=g\",\"contentUrl\":\"https:\/\/secure.gravatar.com\/avatar\/518e6741bedc8c13b183aa63d4c3b50dd3fbb01062a4a0b45f7f9cae23deafa6?s=96&d=mm&r=g\",\"caption\":\"Grainroot\"},\"sameAs\":[\"https:\/\/grain-africa.org\"],\"url\":\"http:\/\/grain-africa.org\/fr\/author\/grainroot\/\"}]}<\/script>\n<!-- \/ Yoast SEO plugin. -->",
    "yoast_head_json": {
        "title": "Pourquoi nous devons lib\u00e9rer le potentiel des donn\u00e9es de mani\u00e8re responsable et inclusive - GRAIN",
        "robots": {
            "index": "index",
            "follow": "follow",
            "max-snippet": "max-snippet:-1",
            "max-image-preview": "max-image-preview:large",
            "max-video-preview": "max-video-preview:-1"
        },
        "canonical": "https:\/\/grain-africa.org\/fr\/pourquoi-nous-devons-liberer-le-potentiel-des-donnees-de-maniere-responsable-et-inclusive\/",
        "og_locale": "fr_FR",
        "og_type": "article",
        "og_title": "Pourquoi nous devons lib\u00e9rer le potentiel des donn\u00e9es de mani\u00e8re responsable et inclusive - GRAIN",
        "og_description": "Par Adedeji Adeniran et Ezra Ihezie Adedeji Adeniran, directeur de recherche, et Ezra Ihezie, associ\u00e9 de recherche, Centre d&#8217;\u00e9tude des \u00e9conomies de l&#8217;Afrique (CSEA) expliquent pourquoi nous devons lib\u00e9rer le potentiel des donn\u00e9es de mani\u00e8re responsable et inclusive. \u00c0 l\u2019\u00e8re num\u00e9rique d\u2019aujourd\u2019hui, les donn\u00e9es sont devenues un atout inestimable, moteur de l\u2019innovation, de la croissance ... Read more",
        "og_url": "https:\/\/grain-africa.org\/fr\/pourquoi-nous-devons-liberer-le-potentiel-des-donnees-de-maniere-responsable-et-inclusive\/",
        "og_site_name": "GRAIN",
        "article_published_time": "2023-09-19T11:05:04+00:00",
        "og_image": [
            {
                "width": 1600,
                "height": 900,
                "url": "https:\/\/grain-africa.org\/wp-content\/uploads\/2023\/09\/Adedeji-Indiv-blog-4.png",
                "type": "image\/png"
            }
        ],
        "author": "Grainroot",
        "twitter_card": "summary_large_image",
        "twitter_misc": {
            "\u00c9crit par": "Grainroot",
            "Dur\u00e9e de lecture estim\u00e9e": "2 minutes"
        },
        "schema": {
            "@context": "https:\/\/schema.org",
            "@graph": [
                {
                    "@type": "Article",
                    "@id": "https:\/\/grain-africa.org\/fr\/pourquoi-nous-devons-liberer-le-potentiel-des-donnees-de-maniere-responsable-et-inclusive\/#article",
                    "isPartOf": {
                        "@id": "https:\/\/grain-africa.org\/fr\/pourquoi-nous-devons-liberer-le-potentiel-des-donnees-de-maniere-responsable-et-inclusive\/"
                    },
                    "author": {
                        "name": "Grainroot",
                        "@id": "https:\/\/grain-africa.org\/en\/#\/schema\/person\/68ea016a8caf5c598f52c2a90230a532"
                    },
                    "headline": "Pourquoi nous devons lib\u00e9rer le potentiel des donn\u00e9es de mani\u00e8re responsable et inclusive",
                    "datePublished": "2023-09-19T11:05:04+00:00",
                    "dateModified": "2023-09-19T11:05:04+00:00",
                    "mainEntityOfPage": {
                        "@id": "https:\/\/grain-africa.org\/fr\/pourquoi-nous-devons-liberer-le-potentiel-des-donnees-de-maniere-responsable-et-inclusive\/"
                    },
                    "wordCount": 415,
                    "commentCount": 0,
                    "publisher": {
                        "@id": "https:\/\/grain-africa.org\/en\/#organization"
                    },
                    "image": {
                        "@id": "https:\/\/grain-africa.org\/fr\/pourquoi-nous-devons-liberer-le-potentiel-des-donnees-de-maniere-responsable-et-inclusive\/#primaryimage"
                    },
                    "thumbnailUrl": "https:\/\/grain-africa.org\/wp-content\/uploads\/2023\/09\/Adedeji-Indiv-blog-4.png",
                    "keywords": [
                        "Afrique",
                        "Donn\u00e9es"
                    ],
                    "articleSection": [
                        "Actualit\u00e9s GRAIN"
                    ],
                    "inLanguage": "fr-FR",
                    "potentialAction": [
                        {
                            "@type": "CommentAction",
                            "name": "Comment",
                            "target": [
                                "https:\/\/grain-africa.org\/fr\/pourquoi-nous-devons-liberer-le-potentiel-des-donnees-de-maniere-responsable-et-inclusive\/#respond"
                            ]
                        }
                    ]
                },
                {
                    "@type": "WebPage",
                    "@id": "https:\/\/grain-africa.org\/fr\/pourquoi-nous-devons-liberer-le-potentiel-des-donnees-de-maniere-responsable-et-inclusive\/",
                    "url": "https:\/\/grain-africa.org\/fr\/pourquoi-nous-devons-liberer-le-potentiel-des-donnees-de-maniere-responsable-et-inclusive\/",
                    "name": "Pourquoi nous devons lib\u00e9rer le potentiel des donn\u00e9es de mani\u00e8re responsable et inclusive - GRAIN",
                    "isPartOf": {
                        "@id": "https:\/\/grain-africa.org\/en\/#website"
                    },
                    "primaryImageOfPage": {
                        "@id": "https:\/\/grain-africa.org\/fr\/pourquoi-nous-devons-liberer-le-potentiel-des-donnees-de-maniere-responsable-et-inclusive\/#primaryimage"
                    },
                    "image": {
                        "@id": "https:\/\/grain-africa.org\/fr\/pourquoi-nous-devons-liberer-le-potentiel-des-donnees-de-maniere-responsable-et-inclusive\/#primaryimage"
                    },
                    "thumbnailUrl": "https:\/\/grain-africa.org\/wp-content\/uploads\/2023\/09\/Adedeji-Indiv-blog-4.png",
                    "datePublished": "2023-09-19T11:05:04+00:00",
                    "dateModified": "2023-09-19T11:05:04+00:00",
                    "breadcrumb": {
                        "@id": "https:\/\/grain-africa.org\/fr\/pourquoi-nous-devons-liberer-le-potentiel-des-donnees-de-maniere-responsable-et-inclusive\/#breadcrumb"
                    },
                    "inLanguage": "fr-FR",
                    "potentialAction": [
                        {
                            "@type": "ReadAction",
                            "target": [
                                "https:\/\/grain-africa.org\/fr\/pourquoi-nous-devons-liberer-le-potentiel-des-donnees-de-maniere-responsable-et-inclusive\/"
                            ]
                        }
                    ]
                },
                {
                    "@type": "ImageObject",
                    "inLanguage": "fr-FR",
                    "@id": "https:\/\/grain-africa.org\/fr\/pourquoi-nous-devons-liberer-le-potentiel-des-donnees-de-maniere-responsable-et-inclusive\/#primaryimage",
                    "url": "https:\/\/grain-africa.org\/wp-content\/uploads\/2023\/09\/Adedeji-Indiv-blog-4.png",
                    "contentUrl": "https:\/\/grain-africa.org\/wp-content\/uploads\/2023\/09\/Adedeji-Indiv-blog-4.png",
                    "width": 1600,
                    "height": 900
                },
                {
                    "@type": "BreadcrumbList",
                    "@id": "https:\/\/grain-africa.org\/fr\/pourquoi-nous-devons-liberer-le-potentiel-des-donnees-de-maniere-responsable-et-inclusive\/#breadcrumb",
                    "itemListElement": [
                        {
                            "@type": "ListItem",
                            "position": 1,
                            "name": "Accueil",
                            "item": "https:\/\/grain-africa.org\/en\/"
                        },
                        {
                            "@type": "ListItem",
                            "position": 2,
                            "name": "Pourquoi nous devons lib\u00e9rer le potentiel des donn\u00e9es de mani\u00e8re responsable et inclusive"
                        }
                    ]
                },
                {
                    "@type": "WebSite",
                    "@id": "https:\/\/grain-africa.org\/en\/#website",
                    "url": "https:\/\/grain-africa.org\/en\/",
                    "name": "GRAIN",
                    "description": "",
                    "publisher": {
                        "@id": "https:\/\/grain-africa.org\/en\/#organization"
                    },
                    "potentialAction": [
                        {
                            "@type": "SearchAction",
                            "target": {
                                "@type": "EntryPoint",
                                "urlTemplate": "https:\/\/grain-africa.org\/en\/?s={search_term_string}"
                            },
                            "query-input": "required name=search_term_string"
                        }
                    ],
                    "inLanguage": "fr-FR"
                },
                {
                    "@type": "Organization",
                    "@id": "https:\/\/grain-africa.org\/en\/#organization",
                    "name": "GRAIN",
                    "url": "https:\/\/grain-africa.org\/en\/",
                    "logo": {
                        "@type": "ImageObject",
                        "inLanguage": "fr-FR",
                        "@id": "https:\/\/grain-africa.org\/en\/#\/schema\/logo\/image\/",
                        "url": "https:\/\/grain-africa.org\/wp-content\/uploads\/2020\/03\/GRAIN_newlogo_273_-removebg-preview-1.png",
                        "contentUrl": "https:\/\/grain-africa.org\/wp-content\/uploads\/2020\/03\/GRAIN_newlogo_273_-removebg-preview-1.png",
                        "width": 829,
                        "height": 297,
                        "caption": "GRAIN"
                    },
                    "image": {
                        "@id": "https:\/\/grain-africa.org\/en\/#\/schema\/logo\/image\/"
                    }
                },
                {
                    "@type": "Person",
                    "@id": "https:\/\/grain-africa.org\/en\/#\/schema\/person\/68ea016a8caf5c598f52c2a90230a532",
                    "name": "Grainroot",
                    "image": {
                        "@type": "ImageObject",
                        "inLanguage": "fr-FR",
                        "@id": "https:\/\/grain-africa.org\/en\/#\/schema\/person\/image\/",
                        "url": "https:\/\/secure.gravatar.com\/avatar\/518e6741bedc8c13b183aa63d4c3b50dd3fbb01062a4a0b45f7f9cae23deafa6?s=96&d=mm&r=g",
                        "contentUrl": "https:\/\/secure.gravatar.com\/avatar\/518e6741bedc8c13b183aa63d4c3b50dd3fbb01062a4a0b45f7f9cae23deafa6?s=96&d=mm&r=g",
                        "caption": "Grainroot"
                    },
                    "sameAs": [
                        "https:\/\/grain-africa.org"
                    ],
                    "url": "http:\/\/grain-africa.org\/fr\/author\/grainroot\/"
                }
            ]
        }
    },
    "_links": {
        "self": [
            {
                "href": "http:\/\/grain-africa.org\/fr\/wp-json\/wp\/v2\/posts\/18965",
                "targetHints": {
                    "allow": [
                        "GET"
                    ]
                }
            }
        ],
        "collection": [
            {
                "href": "http:\/\/grain-africa.org\/fr\/wp-json\/wp\/v2\/posts"
            }
        ],
        "about": [
            {
                "href": "http:\/\/grain-africa.org\/fr\/wp-json\/wp\/v2\/types\/post"
            }
        ],
        "author": [
            {
                "embeddable": true,
                "href": "http:\/\/grain-africa.org\/fr\/wp-json\/wp\/v2\/users\/1"
            }
        ],
        "replies": [
            {
                "embeddable": true,
                "href": "http:\/\/grain-africa.org\/fr\/wp-json\/wp\/v2\/comments?post=18965"
            }
        ],
        "version-history": [
            {
                "count": 0,
                "href": "http:\/\/grain-africa.org\/fr\/wp-json\/wp\/v2\/posts\/18965\/revisions"
            }
        ],
        "wp:featuredmedia": [
            {
                "embeddable": true,
                "href": "http:\/\/grain-africa.org\/fr\/wp-json\/wp\/v2\/media\/18966"
            }
        ],
        "wp:attachment": [
            {
                "href": "http:\/\/grain-africa.org\/fr\/wp-json\/wp\/v2\/media?parent=18965"
            }
        ],
        "wp:term": [
            {
                "taxonomy": "category",
                "embeddable": true,
                "href": "http:\/\/grain-africa.org\/fr\/wp-json\/wp\/v2\/categories?post=18965"
            },
            {
                "taxonomy": "post_tag",
                "embeddable": true,
                "href": "http:\/\/grain-africa.org\/fr\/wp-json\/wp\/v2\/tags?post=18965"
            }
        ],
        "curies": [
            {
                "name": "wp",
                "href": "https:\/\/api.w.org\/{rel}",
                "templated": true
            }
        ]
    }
}