{
    "id": 18880,
    "date": "2023-08-24T16:21:13",
    "date_gmt": "2023-08-24T14:21:13",
    "guid": {
        "rendered": "https:\/\/grain-africa.org\/?p=18880"
    },
    "modified": "2023-08-24T16:21:13",
    "modified_gmt": "2023-08-24T14:21:13",
    "slug": "lum6p-veut-autonomiser-les-femmes-africaines-dans-la-tech-et-lia",
    "status": "publish",
    "type": "post",
    "link": "http:\/\/grain-africa.org\/fr\/lum6p-veut-autonomiser-les-femmes-africaines-dans-la-tech-et-lia\/",
    "title": {
        "rendered": "L\u2019UM6P veut autonomiser les femmes africaines dans la Tech et l\u2019IA"
    },
    "content": {
        "rendered": "<p>L\u2019Universit\u00e9 Polytechnique Mohammed VI du Maroc (UM6P) a lanc\u00e9 une \u00e9cole d\u2019\u00e9t\u00e9 novatrice visant \u00e0 autonomiser les femmes africaines dans les domaines de la technologie et de l\u2019intelligence artificielle (IA).<\/p>\n\n\n\n<p>&nbsp;Le programme \u00ab African Women in Tech &amp; AI \u00bb, fruit d\u2019une collaboration entre la Fondation OCP et le Centre de Mouvement de l\u2019IA de l\u2019UM6P, vise \u00e0 doter les participantes des connaissances, comp\u00e9tences et ressources n\u00e9cessaires pour exceller dans une \u00e9conomie mondiale num\u00e9ris\u00e9e.<\/p>\n\n\n\n<p>&nbsp;Le programme comprend une phase de formation intensive ax\u00e9e sur le leadership f\u00e9minin, l\u2019application de l\u2019IA, la recherche de march\u00e9 et la gestion de projets. Les participantes perfectionneront leurs comp\u00e9tences gr\u00e2ce \u00e0 des \u00e9tudes de cas, des ateliers interactifs et l\u2019\u00e9laboration de propositions de projets.<\/p>\n\n\n\n<p>La premi\u00e8re cohorte du programme est compos\u00e9e de 34 femmes de divers horizons de 11 pays africains. Ces participantes, comprenant des entrepreneures, des chercheuses, des ing\u00e9nieures et des professionnelles, sont d\u00e9sireuses d\u2019avoir un impact positif sur leurs communaut\u00e9s.<\/p>\n\n\n\n<p>La premi\u00e8re phase du programme comprenait des sessions de formation en ligne couvrant divers sujets li\u00e9s \u00e0 l\u2019IA pendant 36 heures, y compris les sous-domaines de l\u2019IA, son adoption dans les entreprises et les mises en \u0153uvre r\u00e9ussies en Afrique.<\/p>\n\n\n\n<p>&nbsp;Le programme vise \u00e0 autonomiser les femmes africaines pour stimuler l\u2019innovation et le changement en leur fournissant une plateforme pour diriger et fa\u00e7onner l\u2019avenir de la technologie en Afrique.<\/p>\n\n\n\n<p><strong>Source&nbsp;:<\/strong> <strong><a href=\"https:\/\/afriqueitnews.com\/tech-media\/um6p-veut-autonomiser-femmes-africaines-tech-ia\/\">https:\/\/afriqueitnews.com\/tech-media\/um6p-veut-autonomiser-femmes-africaines-tech-ia\/<\/a><\/strong><\/p>\n  <div class=\"related-post grid\">\r\n        <div class=\"headline\">Articles similaires<\/div>\r\n    <div class=\"post-list\">\r\n\r\n            <div class=\"item\">\r\n            <div class=\"thumb post_thumb\">\r\n    <a  title=\"IPAR prend part \u00e0 deux groupes de travail sur l\u2019\u00e9laboration de la strat\u00e9gie nationale sur l\u2019Intelligence Artificielle\u00a0\" href=\"http:\/\/grain-africa.org\/fr\/ipar-prend-part-a-deux-groupes-de-travail-sur-lelaboration-de-la-strategie-nationale-sur-lintelligence-artificielle\/?related_post_from=18738\">\r\n\r\n      <img fetchpriority=\"high\" decoding=\"async\" width=\"1600\" height=\"1200\" src=\"https:\/\/grain-africa.org\/wp-content\/uploads\/2023\/06\/IMG-20230622-WA0167-1.jpg\" class=\"attachment-full size-full wp-post-image\" alt=\"\" srcset=\"https:\/\/grain-africa.org\/wp-content\/uploads\/2023\/06\/IMG-20230622-WA0167-1.jpg 1600w, https:\/\/grain-africa.org\/wp-content\/uploads\/2023\/06\/IMG-20230622-WA0167-1-300x225.jpg 300w, https:\/\/grain-africa.org\/wp-content\/uploads\/2023\/06\/IMG-20230622-WA0167-1-1024x768.jpg 1024w, https:\/\/grain-africa.org\/wp-content\/uploads\/2023\/06\/IMG-20230622-WA0167-1-768x576.jpg 768w, https:\/\/grain-africa.org\/wp-content\/uploads\/2023\/06\/IMG-20230622-WA0167-1-1536x1152.jpg 1536w\" sizes=\"(max-width: 1600px) 100vw, 1600px\" \/>\r\n\r\n    <\/a>\r\n  <\/div>\r\n\r\n  <a class=\"title post_title\"  title=\"IPAR prend part \u00e0 deux groupes de travail sur l\u2019\u00e9laboration de la strat\u00e9gie nationale sur l\u2019Intelligence Artificielle\u00a0\" href=\"http:\/\/grain-africa.org\/fr\/ipar-prend-part-a-deux-groupes-de-travail-sur-lelaboration-de-la-strategie-nationale-sur-lintelligence-artificielle\/?related_post_from=18738\">\r\n        IPAR prend part \u00e0 deux groupes de travail sur l\u2019\u00e9laboration de la strat\u00e9gie nationale sur l\u2019Intelligence Artificielle\u00a0  <\/a>\r\n\r\n  <p class=\"excerpt post_excerpt\">\r\n    IPAR a particip\u00e9 au deuxi\u00e8me atelier de\u00a0 formulation de la strat\u00e9gie nationale de l\u2019Intelligence Artificielle qui s\u2019est tenu les 21 <a class=\"read-more\" href=\"http:\/\/grain-africa.org\/fr\/ipar-prend-part-a-deux-groupes-de-travail-sur-lelaboration-de-la-strategie-nationale-sur-lintelligence-artificielle\/?related_post_from=18738\"> Read more<\/a>  <\/p>\r\n        <\/div>\r\n              <div class=\"item\">\r\n            <div class=\"thumb post_thumb\">\r\n    <a  title=\"Ipar prend part \u00e0 l\u2019atelier de consultations nationales des jeunes experts, acteurs cl\u00e9s, activistes, chercheurs et professionnels des syst\u00e8mes d\u2019IA\" href=\"http:\/\/grain-africa.org\/fr\/ipar-prend-part-a-latelier-de-consultations-nationales-des-jeunes-experts-acteurs-cles-activistes-chercheurs-et-professionnels-des-systemes-dia\/?related_post_from=18838\">\r\n\r\n      <img decoding=\"async\" width=\"2048\" height=\"1538\" src=\"https:\/\/grain-africa.org\/wp-content\/uploads\/2023\/07\/40ef389a-b8cb-4e7e-9766-4e5dd47f8857.jpg\" class=\"attachment-full size-full wp-post-image\" alt=\"\" srcset=\"https:\/\/grain-africa.org\/wp-content\/uploads\/2023\/07\/40ef389a-b8cb-4e7e-9766-4e5dd47f8857.jpg 2048w, https:\/\/grain-africa.org\/wp-content\/uploads\/2023\/07\/40ef389a-b8cb-4e7e-9766-4e5dd47f8857-300x225.jpg 300w, https:\/\/grain-africa.org\/wp-content\/uploads\/2023\/07\/40ef389a-b8cb-4e7e-9766-4e5dd47f8857-1024x769.jpg 1024w, https:\/\/grain-africa.org\/wp-content\/uploads\/2023\/07\/40ef389a-b8cb-4e7e-9766-4e5dd47f8857-768x577.jpg 768w, https:\/\/grain-africa.org\/wp-content\/uploads\/2023\/07\/40ef389a-b8cb-4e7e-9766-4e5dd47f8857-1536x1154.jpg 1536w\" sizes=\"(max-width: 2048px) 100vw, 2048px\" \/>\r\n\r\n    <\/a>\r\n  <\/div>\r\n\r\n  <a class=\"title post_title\"  title=\"Ipar prend part \u00e0 l\u2019atelier de consultations nationales des jeunes experts, acteurs cl\u00e9s, activistes, chercheurs et professionnels des syst\u00e8mes d\u2019IA\" href=\"http:\/\/grain-africa.org\/fr\/ipar-prend-part-a-latelier-de-consultations-nationales-des-jeunes-experts-acteurs-cles-activistes-chercheurs-et-professionnels-des-systemes-dia\/?related_post_from=18838\">\r\n        Ipar prend part \u00e0 l\u2019atelier de consultations nationales des jeunes experts, acteurs cl\u00e9s, activistes, chercheurs et professionnels des syst\u00e8mes d\u2019IA  <\/a>\r\n\r\n  <p class=\"excerpt post_excerpt\">\r\n    Ipar a particip\u00e9 du 26 au 28 Juillet \u00e0 l\u2019atelier de Consultations nationales des jeunes experts, acteurs cl\u00e9s, activistes, chercheurs <a class=\"read-more\" href=\"http:\/\/grain-africa.org\/fr\/ipar-prend-part-a-latelier-de-consultations-nationales-des-jeunes-experts-acteurs-cles-activistes-chercheurs-et-professionnels-des-systemes-dia\/?related_post_from=18838\"> Read more<\/a>  <\/p>\r\n        <\/div>\r\n      \r\n  <\/div>\r\n\r\n  <script>\r\n      <\/script>\r\n  <style>\r\n    .related-post {}\r\n\r\n    .related-post .post-list {\r\n      text-align: left;\r\n          }\r\n\r\n    .related-post .post-list .item {\r\n      margin: 20px;\r\n      padding: 0px;\r\n          }\r\n\r\n    .related-post .headline {\r\n      font-size: 18px !important;\r\n      color: #999999 !important;\r\n          }\r\n\r\n    .related-post .headline{\r\n\t\tfont-size: 25px!important;\r\n}\r\n.related-post .post-list .item {\r\n\tmargin: 20px 35px 20px 0;\r\n}\r\n.related-post .post-list .item{\r\n\tmargin: 20px 35px 20px 0;\r\n    box-shadow: 0 0 10px 0 rgba(0,0,0,.15);\r\n    border-radius: 8px;\r\n}\r\n.related-post .post-list .item .post_title, .related-post .post-list .item p{\r\n\tpadding: 20px!important\r\n}\r\n.related-post .post-list .item .post_title{\r\n\t\tpadding-bottom: 0!important\r\n}\r\n.related-post .headline{\r\n\tcolor: var(--e-global-color-primary)!important;\r\n}\r\n.related-post .headline{\r\n\tmargin: 20px 35%!important;\r\n}\r\n\r\n@media (max-width: 1024px){\r\n\t.related-post .headline{\r\n\t\tmargin: 20px 20%!important;\r\n\t}\r\n}.related-post .post-list .item .post_thumb {\r\n      max-height: 220px;\r\n      margin: 0px 0px;\r\n      padding: 0px;\r\n      display: block;\r\n          }\r\n\r\n    .related-post .post-list .item .post_title {\r\n      font-size: 24px;\r\n      color: #005450;\r\n      margin: 10px 0px;\r\n      padding: 0px;\r\n      display: block;\r\n      text-decoration: none;\r\n      color: var(--e-global-color-primary);\r\n    font-family: var(--e-global-typography-233c6cb-font-family), Sans-serif;\r\n    font-size: var(--e-global-typography-233c6cb-font-size);\r\n    font-weight: var(--e-global-typography-233c6cb-font-weight);\r\n    line-height: var(--e-global-typography-233c6cb-line-height);\r\n    letter-spacing: var(--e-global-typography-233c6cb-letter-spacing);\r\n    word-spacing: var(--e-global-typography-233c6cb-word-spacing);    }\r\n\r\n    .related-post .post-list .item .post_excerpt {\r\n      font-size: 15px;\r\n      color: #000000;\r\n      margin: 10px 0px;\r\n      padding: 0px;\r\n      display: block;\r\n      text-decoration: none;\r\n          }\r\n\r\n    @media only screen and (min-width: 1024px) {\r\n      .related-post .post-list .item {\r\n        width: 45%;\r\n      }\r\n    }\r\n\r\n    @media only screen and (min-width: 768px) and (max-width: 1023px) {\r\n      .related-post .post-list .item {\r\n        width: 90%;\r\n      }\r\n    }\r\n\r\n    @media only screen and (min-width: 0px) and (max-width: 767px) {\r\n      .related-post .post-list .item {\r\n        width: 90%;\r\n      }\r\n    }\r\n\r\n      <\/style>\r\n    <\/div>",
        "protected": false
    },
    "excerpt": {
        "rendered": "<p>L\u2019Universit\u00e9 Polytechnique Mohammed VI du Maroc (UM6P) a lanc\u00e9 une \u00e9cole d\u2019\u00e9t\u00e9 novatrice visant \u00e0 autonomiser les femmes africaines dans les domaines de la technologie et de l\u2019intelligence artificielle (IA). &nbsp;Le programme \u00ab African Women in Tech &amp; AI \u00bb, fruit d\u2019une collaboration entre la Fondation OCP et le Centre de Mouvement de l\u2019IA de &#8230; <a title=\"Mise en \u0153uvre du projet DUA en c\u00f4te d\u2019ivoire\u00a0: Une mission d\u00e9ploy\u00e9e par IPAR pour assurer la formation des enqu\u00eateurs\" class=\"read-more\" href=\"http:\/\/grain-africa.org\/fr\/mise-en-oeuvre-du-projet-dua-en-cote-divoire-une-mission-deployee-par-ipar-pour-assurer-la-formation-des-enqueteurs\/\" aria-label=\"Read more about Mise en \u0153uvre du projet DUA en c\u00f4te d\u2019ivoire\u00a0: Une mission d\u00e9ploy\u00e9e par IPAR pour assurer la formation des enqu\u00eateurs\">Read more<\/a><\/p>\n  <div class=\"related-post grid\">\r\n        <div class=\"headline\">Articles similaires<\/div>\r\n    <div class=\"post-list\">\r\n\r\n            <div class=\"item\">\r\n            <div class=\"thumb post_thumb\">\r\n    <a  title=\"IPAR prend part \u00e0 deux groupes de travail sur l\u2019\u00e9laboration de la strat\u00e9gie nationale sur l\u2019Intelligence Artificielle\u00a0\" href=\"http:\/\/grain-africa.org\/fr\/ipar-prend-part-a-deux-groupes-de-travail-sur-lelaboration-de-la-strategie-nationale-sur-lintelligence-artificielle\/?related_post_from=18738\">\r\n\r\n      <img width=\"1600\" height=\"1200\" src=\"https:\/\/grain-africa.org\/wp-content\/uploads\/2023\/06\/IMG-20230622-WA0167-1.jpg\" class=\"attachment-full size-full wp-post-image\" alt=\"\" decoding=\"async\" srcset=\"https:\/\/grain-africa.org\/wp-content\/uploads\/2023\/06\/IMG-20230622-WA0167-1.jpg 1600w, https:\/\/grain-africa.org\/wp-content\/uploads\/2023\/06\/IMG-20230622-WA0167-1-300x225.jpg 300w, https:\/\/grain-africa.org\/wp-content\/uploads\/2023\/06\/IMG-20230622-WA0167-1-1024x768.jpg 1024w, https:\/\/grain-africa.org\/wp-content\/uploads\/2023\/06\/IMG-20230622-WA0167-1-768x576.jpg 768w, https:\/\/grain-africa.org\/wp-content\/uploads\/2023\/06\/IMG-20230622-WA0167-1-1536x1152.jpg 1536w\" sizes=\"(max-width: 1600px) 100vw, 1600px\" \/>\r\n\r\n    <\/a>\r\n  <\/div>\r\n\r\n  <a class=\"title post_title\"  title=\"IPAR prend part \u00e0 deux groupes de travail sur l\u2019\u00e9laboration de la strat\u00e9gie nationale sur l\u2019Intelligence Artificielle\u00a0\" href=\"http:\/\/grain-africa.org\/fr\/ipar-prend-part-a-deux-groupes-de-travail-sur-lelaboration-de-la-strategie-nationale-sur-lintelligence-artificielle\/?related_post_from=18738\">\r\n        IPAR prend part \u00e0 deux groupes de travail sur l\u2019\u00e9laboration de la strat\u00e9gie nationale sur l\u2019Intelligence Artificielle\u00a0  <\/a>\r\n\r\n  <p class=\"excerpt post_excerpt\">\r\n    IPAR a particip\u00e9 au deuxi\u00e8me atelier de\u00a0 formulation de la strat\u00e9gie nationale de l\u2019Intelligence Artificielle qui s\u2019est tenu les 21 <a class=\"read-more\" href=\"http:\/\/grain-africa.org\/fr\/ipar-prend-part-a-deux-groupes-de-travail-sur-lelaboration-de-la-strategie-nationale-sur-lintelligence-artificielle\/?related_post_from=18738\"> Read more<\/a>  <\/p>\r\n        <\/div>\r\n              <div class=\"item\">\r\n            <div class=\"thumb post_thumb\">\r\n    <a  title=\"Women Deliver Conf\u00e9rence 2023\u00a0: L\u2019IPAR explore les pistes pour le d\u00e9ploiement d\u2019une IA responsable et favorable \u00e0 l\u2019am\u00e9lioration de la sant\u00e9 des femmes\" href=\"http:\/\/grain-africa.org\/fr\/women-deliver-conference-2023-lipar-explore-les-pistes-pour-le-deploiement-dune-ia-responsable-et-favorable-a-lamelioration-de-la-sante-des-femmes\/?related_post_from=18835\">\r\n\r\n      <img loading=\"lazy\" width=\"750\" height=\"1000\" src=\"https:\/\/grain-africa.org\/wp-content\/uploads\/2023\/07\/laure-Tall-1-1.jpg\" class=\"attachment-full size-full wp-post-image\" alt=\"\" decoding=\"async\" srcset=\"https:\/\/grain-africa.org\/wp-content\/uploads\/2023\/07\/laure-Tall-1-1.jpg 750w, https:\/\/grain-africa.org\/wp-content\/uploads\/2023\/07\/laure-Tall-1-1-225x300.jpg 225w, https:\/\/grain-africa.org\/wp-content\/uploads\/2023\/07\/laure-Tall-1-1-300x400.jpg 300w\" sizes=\"(max-width: 750px) 100vw, 750px\" \/>\r\n\r\n    <\/a>\r\n  <\/div>\r\n\r\n  <a class=\"title post_title\"  title=\"Women Deliver Conf\u00e9rence 2023\u00a0: L\u2019IPAR explore les pistes pour le d\u00e9ploiement d\u2019une IA responsable et favorable \u00e0 l\u2019am\u00e9lioration de la sant\u00e9 des femmes\" href=\"http:\/\/grain-africa.org\/fr\/women-deliver-conference-2023-lipar-explore-les-pistes-pour-le-deploiement-dune-ia-responsable-et-favorable-a-lamelioration-de-la-sante-des-femmes\/?related_post_from=18835\">\r\n        Women Deliver Conf\u00e9rence 2023\u00a0: L\u2019IPAR explore les pistes pour le d\u00e9ploiement d\u2019une IA responsable et favorable \u00e0 l\u2019am\u00e9lioration de la sant\u00e9 des femmes  <\/a>\r\n\r\n  <p class=\"excerpt post_excerpt\">\r\n    La Women Deliver Conf\u00e9rence (WD2023) est l\u2019un des plus grands rassemblements multisectoriels visant \u00e0 faire progresser l'\u00e9galit\u00e9 des genres. Co-cr\u00e9\u00e9e <a class=\"read-more\" href=\"http:\/\/grain-africa.org\/fr\/women-deliver-conference-2023-lipar-explore-les-pistes-pour-le-deploiement-dune-ia-responsable-et-favorable-a-lamelioration-de-la-sante-des-femmes\/?related_post_from=18835\"> Read more<\/a>  <\/p>\r\n        <\/div>\r\n      \r\n  <\/div>\r\n\r\n  <script>\r\n      <\/script>\r\n  <style>\r\n    .related-post {}\r\n\r\n    .related-post .post-list {\r\n      text-align: left;\r\n          }\r\n\r\n    .related-post .post-list .item {\r\n      margin: 20px;\r\n      padding: 0px;\r\n          }\r\n\r\n    .related-post .headline {\r\n      font-size: 18px !important;\r\n      color: #999999 !important;\r\n          }\r\n\r\n    .related-post .headline{\r\n\t\tfont-size: 25px!important;\r\n}\r\n.related-post .post-list .item {\r\n\tmargin: 20px 35px 20px 0;\r\n}\r\n.related-post .post-list .item{\r\n\tmargin: 20px 35px 20px 0;\r\n    box-shadow: 0 0 10px 0 rgba(0,0,0,.15);\r\n    border-radius: 8px;\r\n}\r\n.related-post .post-list .item .post_title, .related-post .post-list .item p{\r\n\tpadding: 20px!important\r\n}\r\n.related-post .post-list .item .post_title{\r\n\t\tpadding-bottom: 0!important\r\n}\r\n.related-post .headline{\r\n\tcolor: var(--e-global-color-primary)!important;\r\n}\r\n.related-post .headline{\r\n\tmargin: 20px 35%!important;\r\n}\r\n\r\n@media (max-width: 1024px){\r\n\t.related-post .headline{\r\n\t\tmargin: 20px 20%!important;\r\n\t}\r\n}.related-post .post-list .item .post_thumb {\r\n      max-height: 220px;\r\n      margin: 0px 0px;\r\n      padding: 0px;\r\n      display: block;\r\n          }\r\n\r\n    .related-post .post-list .item .post_title {\r\n      font-size: 24px;\r\n      color: #005450;\r\n      margin: 10px 0px;\r\n      padding: 0px;\r\n      display: block;\r\n      text-decoration: none;\r\n      color: var(--e-global-color-primary);\r\n    font-family: var(--e-global-typography-233c6cb-font-family), Sans-serif;\r\n    font-size: var(--e-global-typography-233c6cb-font-size);\r\n    font-weight: var(--e-global-typography-233c6cb-font-weight);\r\n    line-height: var(--e-global-typography-233c6cb-line-height);\r\n    letter-spacing: var(--e-global-typography-233c6cb-letter-spacing);\r\n    word-spacing: var(--e-global-typography-233c6cb-word-spacing);    }\r\n\r\n    .related-post .post-list .item .post_excerpt {\r\n      font-size: 15px;\r\n      color: #000000;\r\n      margin: 10px 0px;\r\n      padding: 0px;\r\n      display: block;\r\n      text-decoration: none;\r\n          }\r\n\r\n    @media only screen and (min-width: 1024px) {\r\n      .related-post .post-list .item {\r\n        width: 45%;\r\n      }\r\n    }\r\n\r\n    @media only screen and (min-width: 768px) and (max-width: 1023px) {\r\n      .related-post .post-list .item {\r\n        width: 90%;\r\n      }\r\n    }\r\n\r\n    @media only screen and (min-width: 0px) and (max-width: 767px) {\r\n      .related-post .post-list .item {\r\n        width: 90%;\r\n      }\r\n    }\r\n\r\n      <\/style>\r\n    <\/div>",
        "protected": false
    },
    "author": 1,
    "featured_media": 18883,
    "comment_status": "open",
    "ping_status": "closed",
    "sticky": false,
    "template": "",
    "format": "standard",
    "meta": {
        "footnotes": ""
    },
    "categories": [
        10
    ],
    "tags": [
        24,
        36,
        37
    ],
    "class_list": [
        "post-18880",
        "post",
        "type-post",
        "status-publish",
        "format-standard",
        "has-post-thumbnail",
        "hentry",
        "category-actualites-grain",
        "tag-ia",
        "tag-tech",
        "tag-um6p"
    ],
    "yoast_head": "<!-- This site is optimized with the Yoast SEO plugin v22.9 - https:\/\/yoast.com\/wordpress\/plugins\/seo\/ -->\n<title>L\u2019UM6P veut autonomiser les femmes africaines dans la Tech et l\u2019IA - GRAIN<\/title>\n<meta name=\"robots\" content=\"index, follow, max-snippet:-1, max-image-preview:large, max-video-preview:-1\" \/>\n<link rel=\"canonical\" href=\"https:\/\/grain-africa.org\/fr\/lum6p-aims-to-empower-african-women-in-tech-and-lia\/\" \/>\n<meta property=\"og:locale\" content=\"fr_FR\" \/>\n<meta property=\"og:type\" content=\"article\" \/>\n<meta property=\"og:title\" content=\"L\u2019UM6P veut autonomiser les femmes africaines dans la Tech et l\u2019IA - GRAIN\" \/>\n<meta property=\"og:description\" content=\"L\u2019Universit\u00e9 Polytechnique Mohammed VI du Maroc (UM6P) a lanc\u00e9 une \u00e9cole d\u2019\u00e9t\u00e9 novatrice visant \u00e0 autonomiser les femmes africaines dans les domaines de la technologie et de l\u2019intelligence artificielle (IA). &nbsp;Le programme \u00ab African Women in Tech &amp; AI \u00bb, fruit d\u2019une collaboration entre la Fondation OCP et le Centre de Mouvement de l\u2019IA de ... Read more\" \/>\n<meta property=\"og:url\" content=\"https:\/\/grain-africa.org\/fr\/lum6p-aims-to-empower-african-women-in-tech-and-lia\/\" \/>\n<meta property=\"og:site_name\" content=\"GRAIN\" \/>\n<meta property=\"article:published_time\" content=\"2023-08-24T14:21:13+00:00\" \/>\n<meta property=\"og:image\" content=\"https:\/\/grain-africa.org\/wp-content\/uploads\/2023\/08\/download-1.jpg\" \/>\n\t<meta property=\"og:image:width\" content=\"300\" \/>\n\t<meta property=\"og:image:height\" content=\"168\" \/>\n\t<meta property=\"og:image:type\" content=\"image\/jpeg\" \/>\n<meta name=\"author\" content=\"Grainroot\" \/>\n<meta name=\"twitter:card\" content=\"summary_large_image\" \/>\n<meta name=\"twitter:label1\" content=\"\u00c9crit par\" \/>\n\t<meta name=\"twitter:data1\" content=\"Grainroot\" \/>\n\t<meta name=\"twitter:label2\" content=\"Dur\u00e9e de lecture estim\u00e9e\" \/>\n\t<meta name=\"twitter:data2\" content=\"2 minutes\" \/>\n<script type=\"application\/ld+json\" class=\"yoast-schema-graph\">{\"@context\":\"https:\/\/schema.org\",\"@graph\":[{\"@type\":\"Article\",\"@id\":\"https:\/\/grain-africa.org\/lum6p-aims-to-empower-african-women-in-tech-and-lia\/#article\",\"isPartOf\":{\"@id\":\"https:\/\/grain-africa.org\/lum6p-aims-to-empower-african-women-in-tech-and-lia\/\"},\"author\":{\"name\":\"Grainroot\",\"@id\":\"https:\/\/grain-africa.org\/en\/#\/schema\/person\/68ea016a8caf5c598f52c2a90230a532\"},\"headline\":\"L\u2019UM6P veut autonomiser les femmes africaines dans la Tech et l\u2019IA\",\"datePublished\":\"2023-08-24T14:21:13+00:00\",\"dateModified\":\"2023-08-24T14:21:13+00:00\",\"mainEntityOfPage\":{\"@id\":\"https:\/\/grain-africa.org\/lum6p-aims-to-empower-african-women-in-tech-and-lia\/\"},\"wordCount\":274,\"commentCount\":0,\"publisher\":{\"@id\":\"https:\/\/grain-africa.org\/en\/#organization\"},\"image\":{\"@id\":\"https:\/\/grain-africa.org\/lum6p-aims-to-empower-african-women-in-tech-and-lia\/#primaryimage\"},\"thumbnailUrl\":\"https:\/\/grain-africa.org\/wp-content\/uploads\/2023\/08\/download-1.jpg\",\"keywords\":[\"IA\",\"TECH\",\"UM6P\"],\"articleSection\":[\"Actualit\u00e9s GRAIN\"],\"inLanguage\":\"fr-FR\",\"potentialAction\":[{\"@type\":\"CommentAction\",\"name\":\"Comment\",\"target\":[\"https:\/\/grain-africa.org\/lum6p-aims-to-empower-african-women-in-tech-and-lia\/#respond\"]}]},{\"@type\":\"WebPage\",\"@id\":\"https:\/\/grain-africa.org\/lum6p-aims-to-empower-african-women-in-tech-and-lia\/\",\"url\":\"https:\/\/grain-africa.org\/lum6p-aims-to-empower-african-women-in-tech-and-lia\/\",\"name\":\"L\u2019UM6P veut autonomiser les femmes africaines dans la Tech et l\u2019IA - GRAIN\",\"isPartOf\":{\"@id\":\"https:\/\/grain-africa.org\/en\/#website\"},\"primaryImageOfPage\":{\"@id\":\"https:\/\/grain-africa.org\/lum6p-aims-to-empower-african-women-in-tech-and-lia\/#primaryimage\"},\"image\":{\"@id\":\"https:\/\/grain-africa.org\/lum6p-aims-to-empower-african-women-in-tech-and-lia\/#primaryimage\"},\"thumbnailUrl\":\"https:\/\/grain-africa.org\/wp-content\/uploads\/2023\/08\/download-1.jpg\",\"datePublished\":\"2023-08-24T14:21:13+00:00\",\"dateModified\":\"2023-08-24T14:21:13+00:00\",\"breadcrumb\":{\"@id\":\"https:\/\/grain-africa.org\/lum6p-aims-to-empower-african-women-in-tech-and-lia\/#breadcrumb\"},\"inLanguage\":\"fr-FR\",\"potentialAction\":[{\"@type\":\"ReadAction\",\"target\":[\"https:\/\/grain-africa.org\/lum6p-aims-to-empower-african-women-in-tech-and-lia\/\"]}]},{\"@type\":\"ImageObject\",\"inLanguage\":\"fr-FR\",\"@id\":\"https:\/\/grain-africa.org\/lum6p-aims-to-empower-african-women-in-tech-and-lia\/#primaryimage\",\"url\":\"https:\/\/grain-africa.org\/wp-content\/uploads\/2023\/08\/download-1.jpg\",\"contentUrl\":\"https:\/\/grain-africa.org\/wp-content\/uploads\/2023\/08\/download-1.jpg\",\"width\":300,\"height\":168},{\"@type\":\"BreadcrumbList\",\"@id\":\"https:\/\/grain-africa.org\/lum6p-aims-to-empower-african-women-in-tech-and-lia\/#breadcrumb\",\"itemListElement\":[{\"@type\":\"ListItem\",\"position\":1,\"name\":\"Accueil\",\"item\":\"https:\/\/grain-africa.org\/en\/\"},{\"@type\":\"ListItem\",\"position\":2,\"name\":\"L\u2019UM6P veut autonomiser les femmes africaines dans la Tech et l\u2019IA\"}]},{\"@type\":\"WebSite\",\"@id\":\"https:\/\/grain-africa.org\/en\/#website\",\"url\":\"https:\/\/grain-africa.org\/en\/\",\"name\":\"GRAIN\",\"description\":\"\",\"publisher\":{\"@id\":\"https:\/\/grain-africa.org\/en\/#organization\"},\"potentialAction\":[{\"@type\":\"SearchAction\",\"target\":{\"@type\":\"EntryPoint\",\"urlTemplate\":\"https:\/\/grain-africa.org\/en\/?s={search_term_string}\"},\"query-input\":\"required name=search_term_string\"}],\"inLanguage\":\"fr-FR\"},{\"@type\":\"Organization\",\"@id\":\"https:\/\/grain-africa.org\/en\/#organization\",\"name\":\"GRAIN\",\"url\":\"https:\/\/grain-africa.org\/en\/\",\"logo\":{\"@type\":\"ImageObject\",\"inLanguage\":\"fr-FR\",\"@id\":\"https:\/\/grain-africa.org\/en\/#\/schema\/logo\/image\/\",\"url\":\"https:\/\/grain-africa.org\/wp-content\/uploads\/2020\/03\/GRAIN_newlogo_273_-removebg-preview-1.png\",\"contentUrl\":\"https:\/\/grain-africa.org\/wp-content\/uploads\/2020\/03\/GRAIN_newlogo_273_-removebg-preview-1.png\",\"width\":829,\"height\":297,\"caption\":\"GRAIN\"},\"image\":{\"@id\":\"https:\/\/grain-africa.org\/en\/#\/schema\/logo\/image\/\"}},{\"@type\":\"Person\",\"@id\":\"https:\/\/grain-africa.org\/en\/#\/schema\/person\/68ea016a8caf5c598f52c2a90230a532\",\"name\":\"Grainroot\",\"image\":{\"@type\":\"ImageObject\",\"inLanguage\":\"fr-FR\",\"@id\":\"https:\/\/grain-africa.org\/en\/#\/schema\/person\/image\/\",\"url\":\"https:\/\/secure.gravatar.com\/avatar\/518e6741bedc8c13b183aa63d4c3b50dd3fbb01062a4a0b45f7f9cae23deafa6?s=96&d=mm&r=g\",\"contentUrl\":\"https:\/\/secure.gravatar.com\/avatar\/518e6741bedc8c13b183aa63d4c3b50dd3fbb01062a4a0b45f7f9cae23deafa6?s=96&d=mm&r=g\",\"caption\":\"Grainroot\"},\"sameAs\":[\"https:\/\/grain-africa.org\"],\"url\":\"http:\/\/grain-africa.org\/fr\/author\/grainroot\/\"}]}<\/script>\n<!-- \/ Yoast SEO plugin. -->",
    "yoast_head_json": {
        "title": "L\u2019UM6P veut autonomiser les femmes africaines dans la Tech et l\u2019IA - GRAIN",
        "robots": {
            "index": "index",
            "follow": "follow",
            "max-snippet": "max-snippet:-1",
            "max-image-preview": "max-image-preview:large",
            "max-video-preview": "max-video-preview:-1"
        },
        "canonical": "https:\/\/grain-africa.org\/fr\/lum6p-aims-to-empower-african-women-in-tech-and-lia\/",
        "og_locale": "fr_FR",
        "og_type": "article",
        "og_title": "L\u2019UM6P veut autonomiser les femmes africaines dans la Tech et l\u2019IA - GRAIN",
        "og_description": "L\u2019Universit\u00e9 Polytechnique Mohammed VI du Maroc (UM6P) a lanc\u00e9 une \u00e9cole d\u2019\u00e9t\u00e9 novatrice visant \u00e0 autonomiser les femmes africaines dans les domaines de la technologie et de l\u2019intelligence artificielle (IA). &nbsp;Le programme \u00ab African Women in Tech &amp; AI \u00bb, fruit d\u2019une collaboration entre la Fondation OCP et le Centre de Mouvement de l\u2019IA de ... Read more",
        "og_url": "https:\/\/grain-africa.org\/fr\/lum6p-aims-to-empower-african-women-in-tech-and-lia\/",
        "og_site_name": "GRAIN",
        "article_published_time": "2023-08-24T14:21:13+00:00",
        "og_image": [
            {
                "width": 300,
                "height": 168,
                "url": "https:\/\/grain-africa.org\/wp-content\/uploads\/2023\/08\/download-1.jpg",
                "type": "image\/jpeg"
            }
        ],
        "author": "Grainroot",
        "twitter_card": "summary_large_image",
        "twitter_misc": {
            "\u00c9crit par": "Grainroot",
            "Dur\u00e9e de lecture estim\u00e9e": "2 minutes"
        },
        "schema": {
            "@context": "https:\/\/schema.org",
            "@graph": [
                {
                    "@type": "Article",
                    "@id": "https:\/\/grain-africa.org\/lum6p-aims-to-empower-african-women-in-tech-and-lia\/#article",
                    "isPartOf": {
                        "@id": "https:\/\/grain-africa.org\/lum6p-aims-to-empower-african-women-in-tech-and-lia\/"
                    },
                    "author": {
                        "name": "Grainroot",
                        "@id": "https:\/\/grain-africa.org\/en\/#\/schema\/person\/68ea016a8caf5c598f52c2a90230a532"
                    },
                    "headline": "L\u2019UM6P veut autonomiser les femmes africaines dans la Tech et l\u2019IA",
                    "datePublished": "2023-08-24T14:21:13+00:00",
                    "dateModified": "2023-08-24T14:21:13+00:00",
                    "mainEntityOfPage": {
                        "@id": "https:\/\/grain-africa.org\/lum6p-aims-to-empower-african-women-in-tech-and-lia\/"
                    },
                    "wordCount": 274,
                    "commentCount": 0,
                    "publisher": {
                        "@id": "https:\/\/grain-africa.org\/en\/#organization"
                    },
                    "image": {
                        "@id": "https:\/\/grain-africa.org\/lum6p-aims-to-empower-african-women-in-tech-and-lia\/#primaryimage"
                    },
                    "thumbnailUrl": "https:\/\/grain-africa.org\/wp-content\/uploads\/2023\/08\/download-1.jpg",
                    "keywords": [
                        "IA",
                        "TECH",
                        "UM6P"
                    ],
                    "articleSection": [
                        "Actualit\u00e9s GRAIN"
                    ],
                    "inLanguage": "fr-FR",
                    "potentialAction": [
                        {
                            "@type": "CommentAction",
                            "name": "Comment",
                            "target": [
                                "https:\/\/grain-africa.org\/lum6p-aims-to-empower-african-women-in-tech-and-lia\/#respond"
                            ]
                        }
                    ]
                },
                {
                    "@type": "WebPage",
                    "@id": "https:\/\/grain-africa.org\/lum6p-aims-to-empower-african-women-in-tech-and-lia\/",
                    "url": "https:\/\/grain-africa.org\/lum6p-aims-to-empower-african-women-in-tech-and-lia\/",
                    "name": "L\u2019UM6P veut autonomiser les femmes africaines dans la Tech et l\u2019IA - GRAIN",
                    "isPartOf": {
                        "@id": "https:\/\/grain-africa.org\/en\/#website"
                    },
                    "primaryImageOfPage": {
                        "@id": "https:\/\/grain-africa.org\/lum6p-aims-to-empower-african-women-in-tech-and-lia\/#primaryimage"
                    },
                    "image": {
                        "@id": "https:\/\/grain-africa.org\/lum6p-aims-to-empower-african-women-in-tech-and-lia\/#primaryimage"
                    },
                    "thumbnailUrl": "https:\/\/grain-africa.org\/wp-content\/uploads\/2023\/08\/download-1.jpg",
                    "datePublished": "2023-08-24T14:21:13+00:00",
                    "dateModified": "2023-08-24T14:21:13+00:00",
                    "breadcrumb": {
                        "@id": "https:\/\/grain-africa.org\/lum6p-aims-to-empower-african-women-in-tech-and-lia\/#breadcrumb"
                    },
                    "inLanguage": "fr-FR",
                    "potentialAction": [
                        {
                            "@type": "ReadAction",
                            "target": [
                                "https:\/\/grain-africa.org\/lum6p-aims-to-empower-african-women-in-tech-and-lia\/"
                            ]
                        }
                    ]
                },
                {
                    "@type": "ImageObject",
                    "inLanguage": "fr-FR",
                    "@id": "https:\/\/grain-africa.org\/lum6p-aims-to-empower-african-women-in-tech-and-lia\/#primaryimage",
                    "url": "https:\/\/grain-africa.org\/wp-content\/uploads\/2023\/08\/download-1.jpg",
                    "contentUrl": "https:\/\/grain-africa.org\/wp-content\/uploads\/2023\/08\/download-1.jpg",
                    "width": 300,
                    "height": 168
                },
                {
                    "@type": "BreadcrumbList",
                    "@id": "https:\/\/grain-africa.org\/lum6p-aims-to-empower-african-women-in-tech-and-lia\/#breadcrumb",
                    "itemListElement": [
                        {
                            "@type": "ListItem",
                            "position": 1,
                            "name": "Accueil",
                            "item": "https:\/\/grain-africa.org\/en\/"
                        },
                        {
                            "@type": "ListItem",
                            "position": 2,
                            "name": "L\u2019UM6P veut autonomiser les femmes africaines dans la Tech et l\u2019IA"
                        }
                    ]
                },
                {
                    "@type": "WebSite",
                    "@id": "https:\/\/grain-africa.org\/en\/#website",
                    "url": "https:\/\/grain-africa.org\/en\/",
                    "name": "GRAIN",
                    "description": "",
                    "publisher": {
                        "@id": "https:\/\/grain-africa.org\/en\/#organization"
                    },
                    "potentialAction": [
                        {
                            "@type": "SearchAction",
                            "target": {
                                "@type": "EntryPoint",
                                "urlTemplate": "https:\/\/grain-africa.org\/en\/?s={search_term_string}"
                            },
                            "query-input": "required name=search_term_string"
                        }
                    ],
                    "inLanguage": "fr-FR"
                },
                {
                    "@type": "Organization",
                    "@id": "https:\/\/grain-africa.org\/en\/#organization",
                    "name": "GRAIN",
                    "url": "https:\/\/grain-africa.org\/en\/",
                    "logo": {
                        "@type": "ImageObject",
                        "inLanguage": "fr-FR",
                        "@id": "https:\/\/grain-africa.org\/en\/#\/schema\/logo\/image\/",
                        "url": "https:\/\/grain-africa.org\/wp-content\/uploads\/2020\/03\/GRAIN_newlogo_273_-removebg-preview-1.png",
                        "contentUrl": "https:\/\/grain-africa.org\/wp-content\/uploads\/2020\/03\/GRAIN_newlogo_273_-removebg-preview-1.png",
                        "width": 829,
                        "height": 297,
                        "caption": "GRAIN"
                    },
                    "image": {
                        "@id": "https:\/\/grain-africa.org\/en\/#\/schema\/logo\/image\/"
                    }
                },
                {
                    "@type": "Person",
                    "@id": "https:\/\/grain-africa.org\/en\/#\/schema\/person\/68ea016a8caf5c598f52c2a90230a532",
                    "name": "Grainroot",
                    "image": {
                        "@type": "ImageObject",
                        "inLanguage": "fr-FR",
                        "@id": "https:\/\/grain-africa.org\/en\/#\/schema\/person\/image\/",
                        "url": "https:\/\/secure.gravatar.com\/avatar\/518e6741bedc8c13b183aa63d4c3b50dd3fbb01062a4a0b45f7f9cae23deafa6?s=96&d=mm&r=g",
                        "contentUrl": "https:\/\/secure.gravatar.com\/avatar\/518e6741bedc8c13b183aa63d4c3b50dd3fbb01062a4a0b45f7f9cae23deafa6?s=96&d=mm&r=g",
                        "caption": "Grainroot"
                    },
                    "sameAs": [
                        "https:\/\/grain-africa.org"
                    ],
                    "url": "http:\/\/grain-africa.org\/fr\/author\/grainroot\/"
                }
            ]
        }
    },
    "_links": {
        "self": [
            {
                "href": "http:\/\/grain-africa.org\/fr\/wp-json\/wp\/v2\/posts\/18880",
                "targetHints": {
                    "allow": [
                        "GET"
                    ]
                }
            }
        ],
        "collection": [
            {
                "href": "http:\/\/grain-africa.org\/fr\/wp-json\/wp\/v2\/posts"
            }
        ],
        "about": [
            {
                "href": "http:\/\/grain-africa.org\/fr\/wp-json\/wp\/v2\/types\/post"
            }
        ],
        "author": [
            {
                "embeddable": true,
                "href": "http:\/\/grain-africa.org\/fr\/wp-json\/wp\/v2\/users\/1"
            }
        ],
        "replies": [
            {
                "embeddable": true,
                "href": "http:\/\/grain-africa.org\/fr\/wp-json\/wp\/v2\/comments?post=18880"
            }
        ],
        "version-history": [
            {
                "count": 0,
                "href": "http:\/\/grain-africa.org\/fr\/wp-json\/wp\/v2\/posts\/18880\/revisions"
            }
        ],
        "wp:featuredmedia": [
            {
                "embeddable": true,
                "href": "http:\/\/grain-africa.org\/fr\/wp-json\/wp\/v2\/media\/18883"
            }
        ],
        "wp:attachment": [
            {
                "href": "http:\/\/grain-africa.org\/fr\/wp-json\/wp\/v2\/media?parent=18880"
            }
        ],
        "wp:term": [
            {
                "taxonomy": "category",
                "embeddable": true,
                "href": "http:\/\/grain-africa.org\/fr\/wp-json\/wp\/v2\/categories?post=18880"
            },
            {
                "taxonomy": "post_tag",
                "embeddable": true,
                "href": "http:\/\/grain-africa.org\/fr\/wp-json\/wp\/v2\/tags?post=18880"
            }
        ],
        "curies": [
            {
                "name": "wp",
                "href": "https:\/\/api.w.org\/{rel}",
                "templated": true
            }
        ]
    }
}