{
    "id": 18830,
    "date": "2023-07-21T14:19:20",
    "date_gmt": "2023-07-21T12:19:20",
    "guid": {
        "rendered": "https:\/\/grain-africa.org\/?p=18830"
    },
    "modified": "2023-07-21T14:19:20",
    "modified_gmt": "2023-07-21T12:19:20",
    "slug": "guterres-reclame-une-intelligence-artificielle-qui-comble-les-fosses-au-lieu-de-les-creuser",
    "status": "publish",
    "type": "post",
    "link": "http:\/\/grain-africa.org\/fr\/guterres-reclame-une-intelligence-artificielle-qui-comble-les-fosses-au-lieu-de-les-creuser\/",
    "title": {
        "rendered": "Guterres r\u00e9clame une intelligence artificielle qui comble les foss\u00e9s au lieu de les creuser"
    },
    "content": {
        "rendered": "<p><\/p>\n\n\n\n<p><strong>Au Conseil de s\u00e9curit\u00e9, le Secr\u00e9taire g\u00e9n\u00e9ral de l&#8217;ONU a soulign\u00e9 mardi le potentiel de l&#8217;intelligence artificielle (IA) pour acc\u00e9l\u00e9rer le d\u00e9veloppement humain, tout en mettant en garde contre l&#8217;utilisation malveillante de cette nouvelle technologie.<\/strong><\/p>\n\n\n\n<p>&nbsp;Ant\u00f3nio Guterres a averti que si l&#8217;intelligence artificielle devenait principalement une arme pour lancer des cyberattaques, g\u00e9n\u00e9rer des deepfakes, ou pour diffuser de la d\u00e9sinformation et des discours de haine, cela aurait des cons\u00e9quences tr\u00e8s graves pour la paix et la s\u00e9curit\u00e9 mondiales.<\/p>\n\n\n\n<p>Le chef de l\u2019ONU a exhort\u00e9 le Conseil \u00e0 aborder cette technologie \u00ab avec un sentiment d&#8217;urgence, une vision globale et un \u00e9tat d&#8217;esprit d&#8217;apprenant \u00bb.<\/p>\n\n\n\n<p><strong>Les risques d&#8217;une utilisation malveillante<\/strong><\/p>\n\n\n\n<p>\u00ab Soyons clairs : l&#8217;utilisation malveillante de syst\u00e8mes d&#8217;IA \u00e0 des fins terroristes, criminelles ou \u00e9tatiques pourrait causer des niveaux horribles de morts et de destructions, des traumatismes g\u00e9n\u00e9ralis\u00e9s et des dommages psychologiques profonds \u00e0 une \u00e9chelle inimaginable \u00bb, a soulign\u00e9 M. Guterres.<\/p>\n\n\n\n<p>\u00ab Il suffit de regarder les m\u00e9dias sociaux. Des outils et des plateformes con\u00e7us pour renforcer les liens humains sont d\u00e9sormais utilis\u00e9s pour saper les \u00e9lections, diffuser des th\u00e9ories du complot et inciter \u00e0 la haine et \u00e0 la violence \u00bb, a-t-il fait valoir.<\/p>\n\n\n\n<p>\u00ab Les dysfonctionnements des syst\u00e8mes d&#8217;IA sont un autre sujet de pr\u00e9occupation majeur. Et l&#8217;interaction entre l&#8217;IA et les armes nucl\u00e9aires, la biotechnologie, la neurotechnologie et la robotique est tr\u00e8s alarmante \u00bb, a ajout\u00e9 le chef de l\u2019ONU.<\/p>\n\n\n\n<p>M. Guterres a n\u00e9anmoins mis en exergue l\u2019utilisation de l&#8217;IA au service de la paix et de la s\u00e9curit\u00e9, notamment par les Nations Unies, y compris pour identifier les sch\u00e9mas de violence ou surveiller les cessez-le-feu, \u00ab contribuant ainsi \u00e0 renforcer nos efforts en mati\u00e8re de maintien de la paix, de m\u00e9diation et d&#8217;aide humanitaire \u00bb.<\/p>\n\n\n\n<p><strong>Servir le bien commun<\/strong><\/p>\n\n\n\n<p>\u00c9voquant le d\u00e9bat sur la gouvernance de l&#8217;IA, M. Guterres a soulign\u00e9 la n\u00e9cessit\u00e9 d&#8217;une approche universelle, citant des exp\u00e9riences pass\u00e9es similaires sous l&#8217;\u00e9gide de l&#8217;ONU.<\/p>\n\n\n\n<p>\u00ab La communaut\u00e9 internationale a une longue histoire de r\u00e9ponses aux nouvelles technologies susceptibles de d\u00e9stabiliser nos soci\u00e9t\u00e9s et nos \u00e9conomies. Nous avons joint nos efforts au sein de l\u2019ONU pour \u00e9tablir de nouvelles r\u00e8gles internationales, signer de nouveaux trait\u00e9s et cr\u00e9er de nouveaux organismes mondiaux \u00bb, a signal\u00e9 le Secr\u00e9taire g\u00e9n\u00e9ral de l\u2019ONU devant les Quinze.<\/p>\n\n\n\n<p>Il a cit\u00e9 divers exemples existants li\u00e9s \u00e0 l\u2019IA, dont les Principes directeurs sur les syst\u00e8mes d&#8217;armes autonomes l\u00e9taux ; les recommandations sur l\u2019\u00e9thique de l\u2019intelligence artificielle adopt\u00e9es par l\u2019UNESCO en 2021 ; les recommandations sur la mani\u00e8re dont les \u00c9tats membres peuvent lutter contre l\u2019utilisation potentielle de l\u2019IA \u00e0 des fins terroristes du Bureau de l\u2019ONU de la lutte contre le terrorisme ; ou encore le Sommet \u00ab AI for Good \u00bb [IA pour le bien], tenu \u00e0 Gen\u00e8ve le mois dernier et qui a rassembl\u00e9 des experts, le secteur priv\u00e9, des agences des Nations Unies et des gouvernements, afin de veiller \u00e0 ce que cette technologie r\u00e9volutionnaire serve le bien commun.<\/p>\n\n\n\n<p><strong>Cr\u00e9er une nouvelle entit\u00e9 onusienne<\/strong><\/p>\n\n\n\n<p>Le chef de l\u2019ONU a indiqu\u00e9 que les questions de gouvernance seront complexes \u00e0 divers \u00e9gards, en raison de la mise \u00e0 disposition du grand public de certains mod\u00e8les puissants d\u2019intelligence artificielle.<\/p>\n\n\n\n<p>Aussi, \u00ab contrairement aux mati\u00e8res nucl\u00e9aires et aux agents chimiques et biologiques les outils d\u2019IA peuvent \u00eatre exp\u00e9di\u00e9s partout dans le monde en laissant tr\u00e8s peu de traces \u00bb, a-t-il soulign\u00e9, notant \u00e9galement le r\u00f4le de premier plan jou\u00e9 par le secteur priv\u00e9 dans le domaine de l\u2019IA.<\/p>\n\n\n\n<p>M. Guterres a soulign\u00e9 le manque de comp\u00e9tences en mati\u00e8re d&#8217;IA au sein des gouvernements et autres bureaucraties, qui doit \u00eatre combl\u00e9 aux niveaux national et mondial.<\/p>\n\n\n\n<p>\u00ab C&#8217;est pourquoi je me f\u00e9licite des appels lanc\u00e9s par certains \u00c9tats membres en faveur de la cr\u00e9ation d&#8217;une nouvelle entit\u00e9 des Nations Unies pour soutenir les efforts collectifs visant \u00e0 r\u00e9gir cette technologie extraordinaire, en s&#8217;inspirant de mod\u00e8les tels que l&#8217;Agence internationale de l&#8217;\u00e9nergie atomique, l&#8217;Organisation de l&#8217;aviation civile internationale ou le Groupe d&#8217;experts intergouvernemental sur l&#8217;\u00e9volution du climat \u00bb, a affirm\u00e9 le chef de l&#8217;ONU.<\/p>\n\n\n\n<p>Selon lui, une nouvelle entit\u00e9 des Nations Unies \u00ab rassemblerait l&#8217;expertise et la mettrait \u00e0 la disposition de la communaut\u00e9 internationale \u00bb et pourrait \u00e9galement \u00ab soutenir la collaboration en mati\u00e8re de recherche et de d\u00e9veloppement d&#8217;outils d&#8217;intelligence artificielle afin d&#8217;acc\u00e9l\u00e9rer le d\u00e9veloppement durable \u00bb.<\/p>\n\n\n\n<p>Le Secr\u00e9taire g\u00e9n\u00e9ral des Nations Unies, Ant\u00f3nio Guterres, s&#8217;adresse au Conseil de s\u00e9curit\u00e9 des Nations Unies au sujet de la menace que repr\u00e9sente l&#8217;intelligence artificielle pour la paix et la s\u00e9curit\u00e9 internationales.<\/p>\n\n\n\n<figure class=\"wp-block-image size-full\"><img fetchpriority=\"high\" decoding=\"async\" width=\"1024\" height=\"682\" src=\"http:\/\/grain-africa.org\/wp-content\/uploads\/2023\/07\/GUTERES-IA-ONU-2.jpg\" alt=\"\" class=\"wp-image-18832\" srcset=\"https:\/\/grain-africa.org\/wp-content\/uploads\/2023\/07\/GUTERES-IA-ONU-2.jpg 1024w, https:\/\/grain-africa.org\/wp-content\/uploads\/2023\/07\/GUTERES-IA-ONU-2-300x200.jpg 300w, https:\/\/grain-africa.org\/wp-content\/uploads\/2023\/07\/GUTERES-IA-ONU-2-768x512.jpg 768w, https:\/\/grain-africa.org\/wp-content\/uploads\/2023\/07\/GUTERES-IA-ONU-2-391x260.jpg 391w\" sizes=\"(max-width: 1024px) 100vw, 1024px\" \/><figcaption class=\"wp-element-caption\"><strong> Photo ONU\/Eskinder Debebe Le Secr\u00e9taire g\u00e9n\u00e9ral des Nations Unies, Ant\u00f3nio Guterres, s&#8217;adresse au Conseil de s\u00e9curit\u00e9 des Nations Unies au sujet de la menace que repr\u00e9sente l&#8217;intelligence artificielle pour la paix et la s\u00e9curit\u00e9 internationales.<\/strong><\/figcaption><\/figure>\n\n\n\n<p><strong>Recommandations sur la gouvernance<\/strong><\/p>\n\n\n\n<p>M. Guterres a annonc\u00e9 qu&#8217;il convoquerait une r\u00e9union de haut niveau sur l&#8217;IA, qui rendra compte des options de gouvernance mondiale d&#8217;ici la fin de l&#8217;ann\u00e9e.<\/p>\n\n\n\n<p>Sa prochaine note d&#8217;information sur le nouvel agenda pour la paix, devrait \u00e9galement formuler des recommandations sur la gouvernance de l&#8217;IA \u00e0 l&#8217;intention des \u00c9tats membres.<\/p>\n\n\n\n<p>Ce document appelle notamment \u00e0 la conclusion, d&#8217;ici \u00e0 2026, de n\u00e9gociations sur un instrument juridiquement contraignant visant \u00e0 interdire les syst\u00e8mes d&#8217;armes autonomes l\u00e9taux qui fonctionnent sans contr\u00f4le ou surveillance humaine et qui ne peuvent \u00eatre utilis\u00e9s dans le respect du droit international humanitaire.<\/p>\n\n\n\n<p><strong>Faire preuve de leadership<\/strong><\/p>\n\n\n\n<p>Le Secr\u00e9taire g\u00e9n\u00e9ral a appel\u00e9 le Conseil de s\u00e9curit\u00e9, qui est responsable de la paix et de la s\u00e9curit\u00e9 internationales, \u00e0 \u00ab faire preuve de leadership en mati\u00e8re d&#8217;IA \u00bb et \u00e0 montrer la voie vers des mesures communes en mati\u00e8re de transparence, de responsabilit\u00e9 et de contr\u00f4le.<\/p>\n\n\n\n<p>\u00ab Nous devons travailler ensemble pour que l&#8217;IA comble les foss\u00e9s sociaux, num\u00e9riques et \u00e9conomiques, et non pour qu&#8217;elle nous \u00e9loigne les uns des autres. Je vous invite \u00e0 unir vos forces et \u00e0 instaurer la confiance pour la paix et la s\u00e9curit\u00e9 \u00bb, a conclu M. Guterres.<\/p>\n\n\n\n<p>La r\u00e9union de mardi a \u00e9t\u00e9 convoqu\u00e9e par le Royaume-Uni, qui assure la pr\u00e9sidence tournante du Conseil de s\u00e9curit\u00e9 pour le mois de juillet.<\/p>\n\n\n\n<p>Il s&#8217;agit de la premi\u00e8re r\u00e9union de l\u2019organe de l\u2019ONU charg\u00e9 de la paix et la s\u00e9curit\u00e9 dans le monde sur les menaces potentielles de l&#8217;intelligence artificielle pour la paix et la s\u00e9curit\u00e9 internationales.<\/p>\n\n\n\n<p><strong>Source\u00a0: <a href=\"https:\/\/news.un.org\/fr\/story\/2023\/07\/1136942\" target=\"_blank\" rel=\"noreferrer noopener\">https:\/\/news.un.org\/fr\/story\/2023\/07\/1136942<\/a><\/strong><\/p>\n  <div class=\"related-post grid\">\r\n        <div class=\"headline\">Articles similaires<\/div>\r\n    <div class=\"post-list\">\r\n\r\n            <div class=\"item\">\r\n            <div class=\"thumb post_thumb\">\r\n    <a  title=\"STEM ET EDUCATION : RECHERCHE DES GAPS LI\u00c9S AU GENRE\" href=\"http:\/\/grain-africa.org\/fr\/stem-et-education-recherche-des-gaps-lies-au-genre\/?related_post_from=579\">\r\n\r\n              <img decoding=\"async\" src=\"http:\/\/grain-africa.org\/wp-content\/uploads\/2020\/03\/GRAIN_newlogo_273_-removebg-preview-1.png\" title=\"STEM ET EDUCATION : RECHERCHE DES GAPS LI\u00c9S AU GENRE\" alt=\"STEM ET EDUCATION : RECHERCHE DES GAPS LI\u00c9S AU GENRE\">\r\n\r\n      \r\n\r\n    <\/a>\r\n  <\/div>\r\n\r\n  <a class=\"title post_title\"  title=\"STEM ET EDUCATION : RECHERCHE DES GAPS LI\u00c9S AU GENRE\" href=\"http:\/\/grain-africa.org\/fr\/stem-et-education-recherche-des-gaps-lies-au-genre\/?related_post_from=579\">\r\n        STEM ET EDUCATION : RECHERCHE DES GAPS LI\u00c9S AU GENRE  <\/a>\r\n\r\n  <p class=\"excerpt post_excerpt\">\r\n    Not that long ago, people lived and functioned in tight communities. Every vendor knew their customers personally and could make...  <\/p>\r\n        <\/div>\r\n              <div class=\"item\">\r\n            <div class=\"thumb post_thumb\">\r\n    <a  title=\"AI et autonomisation \u00e9conomique des femmes dans l\u2019agriculture\" href=\"http:\/\/grain-africa.org\/fr\/ai-et-autonomisation-economique-des-femmes-dans-lagriculture\/?related_post_from=2864\">\r\n\r\n      <img decoding=\"async\" width=\"911\" height=\"516\" src=\"https:\/\/grain-africa.org\/wp-content\/uploads\/2020\/02\/ldjlkhvlvdl-1.jpg\" class=\"attachment-full size-full wp-post-image\" alt=\"\" srcset=\"https:\/\/grain-africa.org\/wp-content\/uploads\/2020\/02\/ldjlkhvlvdl-1.jpg 911w, https:\/\/grain-africa.org\/wp-content\/uploads\/2020\/02\/ldjlkhvlvdl-1-300x170.jpg 300w, https:\/\/grain-africa.org\/wp-content\/uploads\/2020\/02\/ldjlkhvlvdl-1-768x435.jpg 768w\" sizes=\"(max-width: 911px) 100vw, 911px\" \/>\r\n\r\n    <\/a>\r\n  <\/div>\r\n\r\n  <a class=\"title post_title\"  title=\"AI et autonomisation \u00e9conomique des femmes dans l\u2019agriculture\" href=\"http:\/\/grain-africa.org\/fr\/ai-et-autonomisation-economique-des-femmes-dans-lagriculture\/?related_post_from=2864\">\r\n        AI et autonomisation \u00e9conomique des femmes dans l\u2019agriculture  <\/a>\r\n\r\n  <p class=\"excerpt post_excerpt\">\r\n    This Machine Learning Glossary aims to briefly introduce the most important Machine Learning terms - both for the commercially and...  <\/p>\r\n        <\/div>\r\n      \r\n  <\/div>\r\n\r\n  <script>\r\n      <\/script>\r\n  <style>\r\n    .related-post {}\r\n\r\n    .related-post .post-list {\r\n      text-align: left;\r\n          }\r\n\r\n    .related-post .post-list .item {\r\n      margin: 20px;\r\n      padding: 0px;\r\n          }\r\n\r\n    .related-post .headline {\r\n      font-size: 18px !important;\r\n      color: #999999 !important;\r\n          }\r\n\r\n    .related-post .headline{\r\n\t\tfont-size: 25px!important;\r\n}\r\n.related-post .post-list .item {\r\n\tmargin: 20px 35px 20px 0;\r\n}\r\n.related-post .post-list .item{\r\n\tmargin: 20px 35px 20px 0;\r\n    box-shadow: 0 0 10px 0 rgba(0,0,0,.15);\r\n    border-radius: 8px;\r\n}\r\n.related-post .post-list .item .post_title, .related-post .post-list .item p{\r\n\tpadding: 20px!important\r\n}\r\n.related-post .post-list .item .post_title{\r\n\t\tpadding-bottom: 0!important\r\n}\r\n.related-post .headline{\r\n\tcolor: var(--e-global-color-primary)!important;\r\n}\r\n.related-post .headline{\r\n\tmargin: 20px 35%!important;\r\n}\r\n\r\n@media (max-width: 1024px){\r\n\t.related-post .headline{\r\n\t\tmargin: 20px 20%!important;\r\n\t}\r\n}.related-post .post-list .item .post_thumb {\r\n      max-height: 220px;\r\n      margin: 0px 0px;\r\n      padding: 0px;\r\n      display: block;\r\n          }\r\n\r\n    .related-post .post-list .item .post_title {\r\n      font-size: 24px;\r\n      color: #005450;\r\n      margin: 10px 0px;\r\n      padding: 0px;\r\n      display: block;\r\n      text-decoration: none;\r\n      color: var(--e-global-color-primary);\r\n    font-family: var(--e-global-typography-233c6cb-font-family), Sans-serif;\r\n    font-size: var(--e-global-typography-233c6cb-font-size);\r\n    font-weight: var(--e-global-typography-233c6cb-font-weight);\r\n    line-height: var(--e-global-typography-233c6cb-line-height);\r\n    letter-spacing: var(--e-global-typography-233c6cb-letter-spacing);\r\n    word-spacing: var(--e-global-typography-233c6cb-word-spacing);    }\r\n\r\n    .related-post .post-list .item .post_excerpt {\r\n      font-size: 15px;\r\n      color: #000000;\r\n      margin: 10px 0px;\r\n      padding: 0px;\r\n      display: block;\r\n      text-decoration: none;\r\n          }\r\n\r\n    @media only screen and (min-width: 1024px) {\r\n      .related-post .post-list .item {\r\n        width: 45%;\r\n      }\r\n    }\r\n\r\n    @media only screen and (min-width: 768px) and (max-width: 1023px) {\r\n      .related-post .post-list .item {\r\n        width: 90%;\r\n      }\r\n    }\r\n\r\n    @media only screen and (min-width: 0px) and (max-width: 767px) {\r\n      .related-post .post-list .item {\r\n        width: 90%;\r\n      }\r\n    }\r\n\r\n      <\/style>\r\n    <\/div>",
        "protected": false
    },
    "excerpt": {
        "rendered": "<p>Au Conseil de s\u00e9curit\u00e9, le Secr\u00e9taire g\u00e9n\u00e9ral de l&#8217;ONU a soulign\u00e9 mardi le potentiel de l&#8217;intelligence artificielle (IA) pour acc\u00e9l\u00e9rer le d\u00e9veloppement humain, tout en mettant en garde contre l&#8217;utilisation malveillante de cette nouvelle technologie. &nbsp;Ant\u00f3nio Guterres a averti que si l&#8217;intelligence artificielle devenait principalement une arme pour lancer des cyberattaques, g\u00e9n\u00e9rer des deepfakes, ou &#8230; <a title=\"AI et autonomisation \u00e9conomique des femmes dans l\u2019agriculture\" class=\"read-more\" href=\"http:\/\/grain-africa.org\/fr\/ai-et-autonomisation-economique-des-femmes-dans-lagriculture\/\" aria-label=\"Read more about AI et autonomisation \u00e9conomique des femmes dans l\u2019agriculture\">Read more<\/a><\/p>\n  <div class=\"related-post grid\">\r\n        <div class=\"headline\">Articles similaires<\/div>\r\n    <div class=\"post-list\">\r\n\r\n            <div class=\"item\">\r\n            <div class=\"thumb post_thumb\">\r\n    <a  title=\"STEM ET EDUCATION : RECHERCHE DES GAPS LI\u00c9S AU GENRE\" href=\"http:\/\/grain-africa.org\/fr\/stem-et-education-recherche-des-gaps-lies-au-genre\/?related_post_from=579\">\r\n\r\n              <img decoding=\"async\" src=\"http:\/\/grain-africa.org\/wp-content\/uploads\/2020\/03\/GRAIN_newlogo_273_-removebg-preview-1.png\" title=\"STEM ET EDUCATION : RECHERCHE DES GAPS LI\u00c9S AU GENRE\" alt=\"STEM ET EDUCATION : RECHERCHE DES GAPS LI\u00c9S AU GENRE\">\r\n\r\n      \r\n\r\n    <\/a>\r\n  <\/div>\r\n\r\n  <a class=\"title post_title\"  title=\"STEM ET EDUCATION : RECHERCHE DES GAPS LI\u00c9S AU GENRE\" href=\"http:\/\/grain-africa.org\/fr\/stem-et-education-recherche-des-gaps-lies-au-genre\/?related_post_from=579\">\r\n        STEM ET EDUCATION : RECHERCHE DES GAPS LI\u00c9S AU GENRE  <\/a>\r\n\r\n  <p class=\"excerpt post_excerpt\">\r\n    Not that long ago, people lived and functioned in tight communities. Every vendor knew their customers personally and could make...  <\/p>\r\n        <\/div>\r\n              <div class=\"item\">\r\n            <div class=\"thumb post_thumb\">\r\n    <a  title=\"les-violences-sexuelles-comme-instrument-politique-durant-les-elections-au-kenya\" href=\"http:\/\/grain-africa.org\/fr\/les-violences-sexuelles-comme-instrument-politique-durant-les-elections-au-kenya\/?related_post_from=577\">\r\n\r\n              <img decoding=\"async\" src=\"http:\/\/grain-africa.org\/wp-content\/uploads\/2020\/03\/GRAIN_newlogo_273_-removebg-preview-1.png\" title=\"les-violences-sexuelles-comme-instrument-politique-durant-les-elections-au-kenya\" alt=\"les-violences-sexuelles-comme-instrument-politique-durant-les-elections-au-kenya\">\r\n\r\n      \r\n\r\n    <\/a>\r\n  <\/div>\r\n\r\n  <a class=\"title post_title\"  title=\"les-violences-sexuelles-comme-instrument-politique-durant-les-elections-au-kenya\" href=\"http:\/\/grain-africa.org\/fr\/les-violences-sexuelles-comme-instrument-politique-durant-les-elections-au-kenya\/?related_post_from=577\">\r\n        les-violences-sexuelles-comme-instrument-politique-durant-les-elections-au-kenya  <\/a>\r\n\r\n  <p class=\"excerpt post_excerpt\">\r\n    This Machine Learning Glossary aims to briefly introduce the most important Machine Learning terms - both for the commercially and...  <\/p>\r\n        <\/div>\r\n      \r\n  <\/div>\r\n\r\n  <script>\r\n      <\/script>\r\n  <style>\r\n    .related-post {}\r\n\r\n    .related-post .post-list {\r\n      text-align: left;\r\n          }\r\n\r\n    .related-post .post-list .item {\r\n      margin: 20px;\r\n      padding: 0px;\r\n          }\r\n\r\n    .related-post .headline {\r\n      font-size: 18px !important;\r\n      color: #999999 !important;\r\n          }\r\n\r\n    .related-post .headline{\r\n\t\tfont-size: 25px!important;\r\n}\r\n.related-post .post-list .item {\r\n\tmargin: 20px 35px 20px 0;\r\n}\r\n.related-post .post-list .item{\r\n\tmargin: 20px 35px 20px 0;\r\n    box-shadow: 0 0 10px 0 rgba(0,0,0,.15);\r\n    border-radius: 8px;\r\n}\r\n.related-post .post-list .item .post_title, .related-post .post-list .item p{\r\n\tpadding: 20px!important\r\n}\r\n.related-post .post-list .item .post_title{\r\n\t\tpadding-bottom: 0!important\r\n}\r\n.related-post .headline{\r\n\tcolor: var(--e-global-color-primary)!important;\r\n}\r\n.related-post .headline{\r\n\tmargin: 20px 35%!important;\r\n}\r\n\r\n@media (max-width: 1024px){\r\n\t.related-post .headline{\r\n\t\tmargin: 20px 20%!important;\r\n\t}\r\n}.related-post .post-list .item .post_thumb {\r\n      max-height: 220px;\r\n      margin: 0px 0px;\r\n      padding: 0px;\r\n      display: block;\r\n          }\r\n\r\n    .related-post .post-list .item .post_title {\r\n      font-size: 24px;\r\n      color: #005450;\r\n      margin: 10px 0px;\r\n      padding: 0px;\r\n      display: block;\r\n      text-decoration: none;\r\n      color: var(--e-global-color-primary);\r\n    font-family: var(--e-global-typography-233c6cb-font-family), Sans-serif;\r\n    font-size: var(--e-global-typography-233c6cb-font-size);\r\n    font-weight: var(--e-global-typography-233c6cb-font-weight);\r\n    line-height: var(--e-global-typography-233c6cb-line-height);\r\n    letter-spacing: var(--e-global-typography-233c6cb-letter-spacing);\r\n    word-spacing: var(--e-global-typography-233c6cb-word-spacing);    }\r\n\r\n    .related-post .post-list .item .post_excerpt {\r\n      font-size: 15px;\r\n      color: #000000;\r\n      margin: 10px 0px;\r\n      padding: 0px;\r\n      display: block;\r\n      text-decoration: none;\r\n          }\r\n\r\n    @media only screen and (min-width: 1024px) {\r\n      .related-post .post-list .item {\r\n        width: 45%;\r\n      }\r\n    }\r\n\r\n    @media only screen and (min-width: 768px) and (max-width: 1023px) {\r\n      .related-post .post-list .item {\r\n        width: 90%;\r\n      }\r\n    }\r\n\r\n    @media only screen and (min-width: 0px) and (max-width: 767px) {\r\n      .related-post .post-list .item {\r\n        width: 90%;\r\n      }\r\n    }\r\n\r\n      <\/style>\r\n    <\/div>",
        "protected": false
    },
    "author": 1,
    "featured_media": 18833,
    "comment_status": "open",
    "ping_status": "closed",
    "sticky": false,
    "template": "",
    "format": "standard",
    "meta": {
        "footnotes": ""
    },
    "categories": [
        10
    ],
    "tags": [],
    "class_list": [
        "post-18830",
        "post",
        "type-post",
        "status-publish",
        "format-standard",
        "has-post-thumbnail",
        "hentry",
        "category-actualites-grain"
    ],
    "yoast_head": "<!-- This site is optimized with the Yoast SEO plugin v22.9 - https:\/\/yoast.com\/wordpress\/plugins\/seo\/ -->\n<title>Guterres r\u00e9clame une intelligence artificielle qui comble les foss\u00e9s au lieu de les creuser - GRAIN<\/title>\n<meta name=\"robots\" content=\"index, follow, max-snippet:-1, max-image-preview:large, max-video-preview:-1\" \/>\n<link rel=\"canonical\" href=\"https:\/\/grain-africa.org\/fr\/guterres-calls-for-artificial-intelligence-that-fills-pits-instead-of-digging-them\/\" \/>\n<meta property=\"og:locale\" content=\"fr_FR\" \/>\n<meta property=\"og:type\" content=\"article\" \/>\n<meta property=\"og:title\" content=\"Guterres r\u00e9clame une intelligence artificielle qui comble les foss\u00e9s au lieu de les creuser - GRAIN\" \/>\n<meta property=\"og:description\" content=\"Au Conseil de s\u00e9curit\u00e9, le Secr\u00e9taire g\u00e9n\u00e9ral de l&#8217;ONU a soulign\u00e9 mardi le potentiel de l&#8217;intelligence artificielle (IA) pour acc\u00e9l\u00e9rer le d\u00e9veloppement humain, tout en mettant en garde contre l&#8217;utilisation malveillante de cette nouvelle technologie. &nbsp;Ant\u00f3nio Guterres a averti que si l&#8217;intelligence artificielle devenait principalement une arme pour lancer des cyberattaques, g\u00e9n\u00e9rer des deepfakes, ou ... Read more\" \/>\n<meta property=\"og:url\" content=\"https:\/\/grain-africa.org\/fr\/guterres-calls-for-artificial-intelligence-that-fills-pits-instead-of-digging-them\/\" \/>\n<meta property=\"og:site_name\" content=\"GRAIN\" \/>\n<meta property=\"article:published_time\" content=\"2023-07-21T12:19:20+00:00\" \/>\n<meta property=\"og:image\" content=\"https:\/\/grain-africa.org\/wp-content\/uploads\/2023\/07\/IA-ONU-1.jpg\" \/>\n\t<meta property=\"og:image:width\" content=\"1171\" \/>\n\t<meta property=\"og:image:height\" content=\"530\" \/>\n\t<meta property=\"og:image:type\" content=\"image\/jpeg\" \/>\n<meta name=\"author\" content=\"Grainroot\" \/>\n<meta name=\"twitter:card\" content=\"summary_large_image\" \/>\n<meta name=\"twitter:label1\" content=\"\u00c9crit par\" \/>\n\t<meta name=\"twitter:data1\" content=\"Grainroot\" \/>\n\t<meta name=\"twitter:label2\" content=\"Dur\u00e9e de lecture estim\u00e9e\" \/>\n\t<meta name=\"twitter:data2\" content=\"6 minutes\" \/>\n<script type=\"application\/ld+json\" class=\"yoast-schema-graph\">{\"@context\":\"https:\/\/schema.org\",\"@graph\":[{\"@type\":\"Article\",\"@id\":\"https:\/\/grain-africa.org\/guterres-calls-for-artificial-intelligence-that-fills-pits-instead-of-digging-them\/#article\",\"isPartOf\":{\"@id\":\"https:\/\/grain-africa.org\/guterres-calls-for-artificial-intelligence-that-fills-pits-instead-of-digging-them\/\"},\"author\":{\"name\":\"Grainroot\",\"@id\":\"https:\/\/grain-africa.org\/en\/#\/schema\/person\/68ea016a8caf5c598f52c2a90230a532\"},\"headline\":\"Guterres r\u00e9clame une intelligence artificielle qui comble les foss\u00e9s au lieu de les creuser\",\"datePublished\":\"2023-07-21T12:19:20+00:00\",\"dateModified\":\"2023-07-21T12:19:20+00:00\",\"mainEntityOfPage\":{\"@id\":\"https:\/\/grain-africa.org\/guterres-calls-for-artificial-intelligence-that-fills-pits-instead-of-digging-them\/\"},\"wordCount\":1195,\"commentCount\":0,\"publisher\":{\"@id\":\"https:\/\/grain-africa.org\/en\/#organization\"},\"image\":{\"@id\":\"https:\/\/grain-africa.org\/guterres-calls-for-artificial-intelligence-that-fills-pits-instead-of-digging-them\/#primaryimage\"},\"thumbnailUrl\":\"https:\/\/grain-africa.org\/wp-content\/uploads\/2023\/07\/IA-ONU-1.jpg\",\"articleSection\":[\"Actualit\u00e9s GRAIN\"],\"inLanguage\":\"fr-FR\",\"potentialAction\":[{\"@type\":\"CommentAction\",\"name\":\"Comment\",\"target\":[\"https:\/\/grain-africa.org\/guterres-calls-for-artificial-intelligence-that-fills-pits-instead-of-digging-them\/#respond\"]}]},{\"@type\":\"WebPage\",\"@id\":\"https:\/\/grain-africa.org\/guterres-calls-for-artificial-intelligence-that-fills-pits-instead-of-digging-them\/\",\"url\":\"https:\/\/grain-africa.org\/guterres-calls-for-artificial-intelligence-that-fills-pits-instead-of-digging-them\/\",\"name\":\"Guterres r\u00e9clame une intelligence artificielle qui comble les foss\u00e9s au lieu de les creuser - GRAIN\",\"isPartOf\":{\"@id\":\"https:\/\/grain-africa.org\/en\/#website\"},\"primaryImageOfPage\":{\"@id\":\"https:\/\/grain-africa.org\/guterres-calls-for-artificial-intelligence-that-fills-pits-instead-of-digging-them\/#primaryimage\"},\"image\":{\"@id\":\"https:\/\/grain-africa.org\/guterres-calls-for-artificial-intelligence-that-fills-pits-instead-of-digging-them\/#primaryimage\"},\"thumbnailUrl\":\"https:\/\/grain-africa.org\/wp-content\/uploads\/2023\/07\/IA-ONU-1.jpg\",\"datePublished\":\"2023-07-21T12:19:20+00:00\",\"dateModified\":\"2023-07-21T12:19:20+00:00\",\"breadcrumb\":{\"@id\":\"https:\/\/grain-africa.org\/guterres-calls-for-artificial-intelligence-that-fills-pits-instead-of-digging-them\/#breadcrumb\"},\"inLanguage\":\"fr-FR\",\"potentialAction\":[{\"@type\":\"ReadAction\",\"target\":[\"https:\/\/grain-africa.org\/guterres-calls-for-artificial-intelligence-that-fills-pits-instead-of-digging-them\/\"]}]},{\"@type\":\"ImageObject\",\"inLanguage\":\"fr-FR\",\"@id\":\"https:\/\/grain-africa.org\/guterres-calls-for-artificial-intelligence-that-fills-pits-instead-of-digging-them\/#primaryimage\",\"url\":\"https:\/\/grain-africa.org\/wp-content\/uploads\/2023\/07\/IA-ONU-1.jpg\",\"contentUrl\":\"https:\/\/grain-africa.org\/wp-content\/uploads\/2023\/07\/IA-ONU-1.jpg\",\"width\":1171,\"height\":530},{\"@type\":\"BreadcrumbList\",\"@id\":\"https:\/\/grain-africa.org\/guterres-calls-for-artificial-intelligence-that-fills-pits-instead-of-digging-them\/#breadcrumb\",\"itemListElement\":[{\"@type\":\"ListItem\",\"position\":1,\"name\":\"Accueil\",\"item\":\"https:\/\/grain-africa.org\/en\/\"},{\"@type\":\"ListItem\",\"position\":2,\"name\":\"Guterres r\u00e9clame une intelligence artificielle qui comble les foss\u00e9s au lieu de les creuser\"}]},{\"@type\":\"WebSite\",\"@id\":\"https:\/\/grain-africa.org\/en\/#website\",\"url\":\"https:\/\/grain-africa.org\/en\/\",\"name\":\"GRAIN\",\"description\":\"\",\"publisher\":{\"@id\":\"https:\/\/grain-africa.org\/en\/#organization\"},\"potentialAction\":[{\"@type\":\"SearchAction\",\"target\":{\"@type\":\"EntryPoint\",\"urlTemplate\":\"https:\/\/grain-africa.org\/en\/?s={search_term_string}\"},\"query-input\":\"required name=search_term_string\"}],\"inLanguage\":\"fr-FR\"},{\"@type\":\"Organization\",\"@id\":\"https:\/\/grain-africa.org\/en\/#organization\",\"name\":\"GRAIN\",\"url\":\"https:\/\/grain-africa.org\/en\/\",\"logo\":{\"@type\":\"ImageObject\",\"inLanguage\":\"fr-FR\",\"@id\":\"https:\/\/grain-africa.org\/en\/#\/schema\/logo\/image\/\",\"url\":\"https:\/\/grain-africa.org\/wp-content\/uploads\/2020\/03\/GRAIN_newlogo_273_-removebg-preview-1.png\",\"contentUrl\":\"https:\/\/grain-africa.org\/wp-content\/uploads\/2020\/03\/GRAIN_newlogo_273_-removebg-preview-1.png\",\"width\":829,\"height\":297,\"caption\":\"GRAIN\"},\"image\":{\"@id\":\"https:\/\/grain-africa.org\/en\/#\/schema\/logo\/image\/\"}},{\"@type\":\"Person\",\"@id\":\"https:\/\/grain-africa.org\/en\/#\/schema\/person\/68ea016a8caf5c598f52c2a90230a532\",\"name\":\"Grainroot\",\"image\":{\"@type\":\"ImageObject\",\"inLanguage\":\"fr-FR\",\"@id\":\"https:\/\/grain-africa.org\/en\/#\/schema\/person\/image\/\",\"url\":\"https:\/\/secure.gravatar.com\/avatar\/518e6741bedc8c13b183aa63d4c3b50dd3fbb01062a4a0b45f7f9cae23deafa6?s=96&d=mm&r=g\",\"contentUrl\":\"https:\/\/secure.gravatar.com\/avatar\/518e6741bedc8c13b183aa63d4c3b50dd3fbb01062a4a0b45f7f9cae23deafa6?s=96&d=mm&r=g\",\"caption\":\"Grainroot\"},\"sameAs\":[\"https:\/\/grain-africa.org\"],\"url\":\"http:\/\/grain-africa.org\/fr\/author\/grainroot\/\"}]}<\/script>\n<!-- \/ Yoast SEO plugin. -->",
    "yoast_head_json": {
        "title": "Guterres r\u00e9clame une intelligence artificielle qui comble les foss\u00e9s au lieu de les creuser - GRAIN",
        "robots": {
            "index": "index",
            "follow": "follow",
            "max-snippet": "max-snippet:-1",
            "max-image-preview": "max-image-preview:large",
            "max-video-preview": "max-video-preview:-1"
        },
        "canonical": "https:\/\/grain-africa.org\/fr\/guterres-calls-for-artificial-intelligence-that-fills-pits-instead-of-digging-them\/",
        "og_locale": "fr_FR",
        "og_type": "article",
        "og_title": "Guterres r\u00e9clame une intelligence artificielle qui comble les foss\u00e9s au lieu de les creuser - GRAIN",
        "og_description": "Au Conseil de s\u00e9curit\u00e9, le Secr\u00e9taire g\u00e9n\u00e9ral de l&#8217;ONU a soulign\u00e9 mardi le potentiel de l&#8217;intelligence artificielle (IA) pour acc\u00e9l\u00e9rer le d\u00e9veloppement humain, tout en mettant en garde contre l&#8217;utilisation malveillante de cette nouvelle technologie. &nbsp;Ant\u00f3nio Guterres a averti que si l&#8217;intelligence artificielle devenait principalement une arme pour lancer des cyberattaques, g\u00e9n\u00e9rer des deepfakes, ou ... Read more",
        "og_url": "https:\/\/grain-africa.org\/fr\/guterres-calls-for-artificial-intelligence-that-fills-pits-instead-of-digging-them\/",
        "og_site_name": "GRAIN",
        "article_published_time": "2023-07-21T12:19:20+00:00",
        "og_image": [
            {
                "width": 1171,
                "height": 530,
                "url": "https:\/\/grain-africa.org\/wp-content\/uploads\/2023\/07\/IA-ONU-1.jpg",
                "type": "image\/jpeg"
            }
        ],
        "author": "Grainroot",
        "twitter_card": "summary_large_image",
        "twitter_misc": {
            "\u00c9crit par": "Grainroot",
            "Dur\u00e9e de lecture estim\u00e9e": "6 minutes"
        },
        "schema": {
            "@context": "https:\/\/schema.org",
            "@graph": [
                {
                    "@type": "Article",
                    "@id": "https:\/\/grain-africa.org\/guterres-calls-for-artificial-intelligence-that-fills-pits-instead-of-digging-them\/#article",
                    "isPartOf": {
                        "@id": "https:\/\/grain-africa.org\/guterres-calls-for-artificial-intelligence-that-fills-pits-instead-of-digging-them\/"
                    },
                    "author": {
                        "name": "Grainroot",
                        "@id": "https:\/\/grain-africa.org\/en\/#\/schema\/person\/68ea016a8caf5c598f52c2a90230a532"
                    },
                    "headline": "Guterres r\u00e9clame une intelligence artificielle qui comble les foss\u00e9s au lieu de les creuser",
                    "datePublished": "2023-07-21T12:19:20+00:00",
                    "dateModified": "2023-07-21T12:19:20+00:00",
                    "mainEntityOfPage": {
                        "@id": "https:\/\/grain-africa.org\/guterres-calls-for-artificial-intelligence-that-fills-pits-instead-of-digging-them\/"
                    },
                    "wordCount": 1195,
                    "commentCount": 0,
                    "publisher": {
                        "@id": "https:\/\/grain-africa.org\/en\/#organization"
                    },
                    "image": {
                        "@id": "https:\/\/grain-africa.org\/guterres-calls-for-artificial-intelligence-that-fills-pits-instead-of-digging-them\/#primaryimage"
                    },
                    "thumbnailUrl": "https:\/\/grain-africa.org\/wp-content\/uploads\/2023\/07\/IA-ONU-1.jpg",
                    "articleSection": [
                        "Actualit\u00e9s GRAIN"
                    ],
                    "inLanguage": "fr-FR",
                    "potentialAction": [
                        {
                            "@type": "CommentAction",
                            "name": "Comment",
                            "target": [
                                "https:\/\/grain-africa.org\/guterres-calls-for-artificial-intelligence-that-fills-pits-instead-of-digging-them\/#respond"
                            ]
                        }
                    ]
                },
                {
                    "@type": "WebPage",
                    "@id": "https:\/\/grain-africa.org\/guterres-calls-for-artificial-intelligence-that-fills-pits-instead-of-digging-them\/",
                    "url": "https:\/\/grain-africa.org\/guterres-calls-for-artificial-intelligence-that-fills-pits-instead-of-digging-them\/",
                    "name": "Guterres r\u00e9clame une intelligence artificielle qui comble les foss\u00e9s au lieu de les creuser - GRAIN",
                    "isPartOf": {
                        "@id": "https:\/\/grain-africa.org\/en\/#website"
                    },
                    "primaryImageOfPage": {
                        "@id": "https:\/\/grain-africa.org\/guterres-calls-for-artificial-intelligence-that-fills-pits-instead-of-digging-them\/#primaryimage"
                    },
                    "image": {
                        "@id": "https:\/\/grain-africa.org\/guterres-calls-for-artificial-intelligence-that-fills-pits-instead-of-digging-them\/#primaryimage"
                    },
                    "thumbnailUrl": "https:\/\/grain-africa.org\/wp-content\/uploads\/2023\/07\/IA-ONU-1.jpg",
                    "datePublished": "2023-07-21T12:19:20+00:00",
                    "dateModified": "2023-07-21T12:19:20+00:00",
                    "breadcrumb": {
                        "@id": "https:\/\/grain-africa.org\/guterres-calls-for-artificial-intelligence-that-fills-pits-instead-of-digging-them\/#breadcrumb"
                    },
                    "inLanguage": "fr-FR",
                    "potentialAction": [
                        {
                            "@type": "ReadAction",
                            "target": [
                                "https:\/\/grain-africa.org\/guterres-calls-for-artificial-intelligence-that-fills-pits-instead-of-digging-them\/"
                            ]
                        }
                    ]
                },
                {
                    "@type": "ImageObject",
                    "inLanguage": "fr-FR",
                    "@id": "https:\/\/grain-africa.org\/guterres-calls-for-artificial-intelligence-that-fills-pits-instead-of-digging-them\/#primaryimage",
                    "url": "https:\/\/grain-africa.org\/wp-content\/uploads\/2023\/07\/IA-ONU-1.jpg",
                    "contentUrl": "https:\/\/grain-africa.org\/wp-content\/uploads\/2023\/07\/IA-ONU-1.jpg",
                    "width": 1171,
                    "height": 530
                },
                {
                    "@type": "BreadcrumbList",
                    "@id": "https:\/\/grain-africa.org\/guterres-calls-for-artificial-intelligence-that-fills-pits-instead-of-digging-them\/#breadcrumb",
                    "itemListElement": [
                        {
                            "@type": "ListItem",
                            "position": 1,
                            "name": "Accueil",
                            "item": "https:\/\/grain-africa.org\/en\/"
                        },
                        {
                            "@type": "ListItem",
                            "position": 2,
                            "name": "Guterres r\u00e9clame une intelligence artificielle qui comble les foss\u00e9s au lieu de les creuser"
                        }
                    ]
                },
                {
                    "@type": "WebSite",
                    "@id": "https:\/\/grain-africa.org\/en\/#website",
                    "url": "https:\/\/grain-africa.org\/en\/",
                    "name": "GRAIN",
                    "description": "",
                    "publisher": {
                        "@id": "https:\/\/grain-africa.org\/en\/#organization"
                    },
                    "potentialAction": [
                        {
                            "@type": "SearchAction",
                            "target": {
                                "@type": "EntryPoint",
                                "urlTemplate": "https:\/\/grain-africa.org\/en\/?s={search_term_string}"
                            },
                            "query-input": "required name=search_term_string"
                        }
                    ],
                    "inLanguage": "fr-FR"
                },
                {
                    "@type": "Organization",
                    "@id": "https:\/\/grain-africa.org\/en\/#organization",
                    "name": "GRAIN",
                    "url": "https:\/\/grain-africa.org\/en\/",
                    "logo": {
                        "@type": "ImageObject",
                        "inLanguage": "fr-FR",
                        "@id": "https:\/\/grain-africa.org\/en\/#\/schema\/logo\/image\/",
                        "url": "https:\/\/grain-africa.org\/wp-content\/uploads\/2020\/03\/GRAIN_newlogo_273_-removebg-preview-1.png",
                        "contentUrl": "https:\/\/grain-africa.org\/wp-content\/uploads\/2020\/03\/GRAIN_newlogo_273_-removebg-preview-1.png",
                        "width": 829,
                        "height": 297,
                        "caption": "GRAIN"
                    },
                    "image": {
                        "@id": "https:\/\/grain-africa.org\/en\/#\/schema\/logo\/image\/"
                    }
                },
                {
                    "@type": "Person",
                    "@id": "https:\/\/grain-africa.org\/en\/#\/schema\/person\/68ea016a8caf5c598f52c2a90230a532",
                    "name": "Grainroot",
                    "image": {
                        "@type": "ImageObject",
                        "inLanguage": "fr-FR",
                        "@id": "https:\/\/grain-africa.org\/en\/#\/schema\/person\/image\/",
                        "url": "https:\/\/secure.gravatar.com\/avatar\/518e6741bedc8c13b183aa63d4c3b50dd3fbb01062a4a0b45f7f9cae23deafa6?s=96&d=mm&r=g",
                        "contentUrl": "https:\/\/secure.gravatar.com\/avatar\/518e6741bedc8c13b183aa63d4c3b50dd3fbb01062a4a0b45f7f9cae23deafa6?s=96&d=mm&r=g",
                        "caption": "Grainroot"
                    },
                    "sameAs": [
                        "https:\/\/grain-africa.org"
                    ],
                    "url": "http:\/\/grain-africa.org\/fr\/author\/grainroot\/"
                }
            ]
        }
    },
    "_links": {
        "self": [
            {
                "href": "http:\/\/grain-africa.org\/fr\/wp-json\/wp\/v2\/posts\/18830",
                "targetHints": {
                    "allow": [
                        "GET"
                    ]
                }
            }
        ],
        "collection": [
            {
                "href": "http:\/\/grain-africa.org\/fr\/wp-json\/wp\/v2\/posts"
            }
        ],
        "about": [
            {
                "href": "http:\/\/grain-africa.org\/fr\/wp-json\/wp\/v2\/types\/post"
            }
        ],
        "author": [
            {
                "embeddable": true,
                "href": "http:\/\/grain-africa.org\/fr\/wp-json\/wp\/v2\/users\/1"
            }
        ],
        "replies": [
            {
                "embeddable": true,
                "href": "http:\/\/grain-africa.org\/fr\/wp-json\/wp\/v2\/comments?post=18830"
            }
        ],
        "version-history": [
            {
                "count": 0,
                "href": "http:\/\/grain-africa.org\/fr\/wp-json\/wp\/v2\/posts\/18830\/revisions"
            }
        ],
        "wp:featuredmedia": [
            {
                "embeddable": true,
                "href": "http:\/\/grain-africa.org\/fr\/wp-json\/wp\/v2\/media\/18833"
            }
        ],
        "wp:attachment": [
            {
                "href": "http:\/\/grain-africa.org\/fr\/wp-json\/wp\/v2\/media?parent=18830"
            }
        ],
        "wp:term": [
            {
                "taxonomy": "category",
                "embeddable": true,
                "href": "http:\/\/grain-africa.org\/fr\/wp-json\/wp\/v2\/categories?post=18830"
            },
            {
                "taxonomy": "post_tag",
                "embeddable": true,
                "href": "http:\/\/grain-africa.org\/fr\/wp-json\/wp\/v2\/tags?post=18830"
            }
        ],
        "curies": [
            {
                "name": "wp",
                "href": "https:\/\/api.w.org\/{rel}",
                "templated": true
            }
        ]
    }
}